{"id":4215,"date":"2026-03-02T15:33:38","date_gmt":"2026-03-02T14:33:38","guid":{"rendered":"https:\/\/medecinelegale.com\/?p=4215"},"modified":"2026-03-02T15:34:16","modified_gmt":"2026-03-02T14:34:16","slug":"poste-dahu-chu-de-rennes","status":"publish","type":"post","link":"https:\/\/medecinelegale.com\/index.php\/2026\/03\/02\/poste-dahu-chu-de-rennes\/","title":{"rendered":"Poste d&#8217;AHU, CHU de Rennes"},"content":{"rendered":"\n<p>Le service de m\u00e9decine l\u00e9gale et m\u00e9decine p\u00e9nitentiaire du CHU de Rennes et la facult\u00e9 de m\u00e9decine de l\u2019Universit\u00e9 de Rennes recrutent \u00e0 compter du 1\u1d49\u02b3 novembre 2026 un assistant hospitalo-universitaire en m\u00e9decine l\u00e9gale.<\/p>\n\n\n\n<p>Le service hospitalier assure deux types de missions : les activit\u00e9s de m\u00e9decine l\u00e9gale au sens large (UMJ, dont annexe \u00e0 Saint-Malo\/Dinan, IML, UAPED, CRAVS Bretagne) et les activit\u00e9s de m\u00e9decine p\u00e9nitentiaire (non concern\u00e9es par ce recrutement : UHSI, USMP et UM-CRA). L\u2019\u00e9quipe hospitali\u00e8re est compos\u00e9e de vingt m\u00e9decins, dix psychologues, une assistante socio-\u00e9ducative et un secr\u00e9tariat.<\/p>\n\n\n\n<p>Informations et contacts sur la fiche de poste ci-dessous.<\/p>\n\n\n\n<div class=\"wp-block-buttons is-content-justification-center is-layout-flex wp-container-core-buttons-is-layout-16018d1d wp-block-buttons-is-layout-flex\">\n<div class=\"wp-block-button\"><a class=\"wp-block-button__link wp-element-button\" href=\"https:\/\/medecinelegale.com\/wp-content\/uploads\/2026\/03\/2026.03-Fiche-poste-Rennes.pdf\">Consulter la fiche de poste<\/a><\/div>\n<\/div>\n\n\n\n<p><\/p>\n","protected":false},"excerpt":{"rendered":"<p>Le service de m\u00e9decine l\u00e9gale et m\u00e9decine p\u00e9nitentiaire du CHU de Rennes et la facult\u00e9 de m\u00e9decine de l\u2019Universit\u00e9 de Rennes recrutent \u00e0 compter du 1\u1d49\u02b3<span class=\"excerpt-hellip\"> [\u2026]<\/span><\/p>\n","protected":false},"author":185,"featured_media":3014,"comment_status":"closed","ping_status":"closed","sticky":false,"template":"","format":"standard","meta":{"footnotes":""},"categories":[17],"tags":[],"class_list":["post-4215","post","type-post","status-publish","format-standard","has-post-thumbnail","hentry","category-annonces"],"yoast_head":"<!-- This site is optimized with the Yoast SEO plugin v27.4 - https:\/\/yoast.com\/product\/yoast-seo-wordpress\/ -->\n<title>Poste d&#039;AHU, CHU de Rennes &#8211; Soci\u00e9t\u00e9 fran\u00e7aise de m\u00e9decine l\u00e9gale et d&#039;expertises m\u00e9dicales<\/title>\n<meta name=\"description\" content=\"Actualit\u00e9 de la Soci\u00e9t\u00e9 fran\u00e7aise de m\u00e9decine l\u00e9gale et d&#039;expertises m\u00e9dicales\" \/>\n<meta name=\"robots\" content=\"index, follow, max-snippet:-1, max-image-preview:large, max-video-preview:-1\" \/>\n<link rel=\"canonical\" href=\"http:\/\/medecinelegale.com\/index.php\/2026\/03\/02\/poste-dahu-chu-de-rennes\/\" \/>\n<meta property=\"og:locale\" content=\"fr_FR\" \/>\n<meta property=\"og:type\" content=\"article\" \/>\n<meta property=\"og:title\" content=\"Poste d&#039;AHU, CHU de Rennes &#8211; Soci\u00e9t\u00e9 fran\u00e7aise de m\u00e9decine l\u00e9gale et d&#039;expertises m\u00e9dicales\" \/>\n<meta property=\"og:description\" content=\"Actualit\u00e9 de la Soci\u00e9t\u00e9 fran\u00e7aise de m\u00e9decine l\u00e9gale et d&#039;expertises m\u00e9dicales\" \/>\n<meta property=\"og:url\" content=\"http:\/\/medecinelegale.com\/index.php\/2026\/03\/02\/poste-dahu-chu-de-rennes\/\" \/>\n<meta property=\"og:site_name\" content=\"Soci\u00e9t\u00e9 fran\u00e7aise de m\u00e9decine l\u00e9gale et d&#039;expertises m\u00e9dicales\" \/>\n<meta property=\"article:published_time\" content=\"2026-03-02T14:33:38+00:00\" \/>\n<meta property=\"article:modified_time\" content=\"2026-03-02T14:34:16+00:00\" \/>\n<meta property=\"og:image\" content=\"http:\/\/medecinelegale.com\/wp-content\/uploads\/2022\/01\/churennes.jpg\" \/>\n\t<meta property=\"og:image:width\" content=\"296\" \/>\n\t<meta property=\"og:image:height\" content=\"197\" \/>\n\t<meta property=\"og:image:type\" content=\"image\/jpeg\" \/>\n<meta name=\"author\" content=\"Martin Kolopp\" \/>\n<meta name=\"twitter:card\" content=\"summary_large_image\" \/>\n<meta name=\"twitter:creator\" content=\"@sfmlem\" \/>\n<meta name=\"twitter:site\" content=\"@sfmlem\" \/>\n<meta name=\"twitter:label1\" content=\"\u00c9crit par\" \/>\n\t<meta name=\"twitter:data1\" content=\"Martin Kolopp\" \/>\n\t<meta name=\"twitter:label2\" content=\"Dur\u00e9e de lecture estim\u00e9e\" \/>\n\t<meta name=\"twitter:data2\" content=\"1 minute\" \/>\n<script type=\"application\/ld+json\" class=\"yoast-schema-graph\">{\"@context\":\"https:\\\/\\\/schema.org\",\"@graph\":[{\"@type\":\"Article\",\"@id\":\"http:\\\/\\\/medecinelegale.com\\\/index.php\\\/2026\\\/03\\\/02\\\/poste-dahu-chu-de-rennes\\\/#article\",\"isPartOf\":{\"@id\":\"http:\\\/\\\/medecinelegale.com\\\/index.php\\\/2026\\\/03\\\/02\\\/poste-dahu-chu-de-rennes\\\/\"},\"author\":{\"name\":\"Martin Kolopp\",\"@id\":\"http:\\\/\\\/medecinelegale.com\\\/#\\\/schema\\\/person\\\/8360f7bf6bf0d90052a1c4226d6ceedf\"},\"headline\":\"Poste d&#8217;AHU, CHU de Rennes\",\"datePublished\":\"2026-03-02T14:33:38+00:00\",\"dateModified\":\"2026-03-02T14:34:16+00:00\",\"mainEntityOfPage\":{\"@id\":\"http:\\\/\\\/medecinelegale.com\\\/index.php\\\/2026\\\/03\\\/02\\\/poste-dahu-chu-de-rennes\\\/\"},\"wordCount\":127,\"publisher\":{\"@id\":\"http:\\\/\\\/medecinelegale.com\\\/#organization\"},\"image\":{\"@id\":\"http:\\\/\\\/medecinelegale.com\\\/index.php\\\/2026\\\/03\\\/02\\\/poste-dahu-chu-de-rennes\\\/#primaryimage\"},\"thumbnailUrl\":\"https:\\\/\\\/medecinelegale.com\\\/wp-content\\\/uploads\\\/2022\\\/01\\\/churennes.jpg\",\"articleSection\":[\"Annonces\"],\"inLanguage\":\"fr-FR\"},{\"@type\":\"WebPage\",\"@id\":\"http:\\\/\\\/medecinelegale.com\\\/index.php\\\/2026\\\/03\\\/02\\\/poste-dahu-chu-de-rennes\\\/\",\"url\":\"http:\\\/\\\/medecinelegale.com\\\/index.php\\\/2026\\\/03\\\/02\\\/poste-dahu-chu-de-rennes\\\/\",\"name\":\"Poste d'AHU, CHU de Rennes &#8211; Soci\u00e9t\u00e9 fran\u00e7aise de m\u00e9decine l\u00e9gale et d&#039;expertises m\u00e9dicales\",\"isPartOf\":{\"@id\":\"http:\\\/\\\/medecinelegale.com\\\/#website\"},\"primaryImageOfPage\":{\"@id\":\"http:\\\/\\\/medecinelegale.com\\\/index.php\\\/2026\\\/03\\\/02\\\/poste-dahu-chu-de-rennes\\\/#primaryimage\"},\"image\":{\"@id\":\"http:\\\/\\\/medecinelegale.com\\\/index.php\\\/2026\\\/03\\\/02\\\/poste-dahu-chu-de-rennes\\\/#primaryimage\"},\"thumbnailUrl\":\"https:\\\/\\\/medecinelegale.com\\\/wp-content\\\/uploads\\\/2022\\\/01\\\/churennes.jpg\",\"datePublished\":\"2026-03-02T14:33:38+00:00\",\"dateModified\":\"2026-03-02T14:34:16+00:00\",\"description\":\"Actualit\u00e9 de la Soci\u00e9t\u00e9 fran\u00e7aise de m\u00e9decine l\u00e9gale et d'expertises m\u00e9dicales\",\"breadcrumb\":{\"@id\":\"http:\\\/\\\/medecinelegale.com\\\/index.php\\\/2026\\\/03\\\/02\\\/poste-dahu-chu-de-rennes\\\/#breadcrumb\"},\"inLanguage\":\"fr-FR\",\"potentialAction\":[{\"@type\":\"ReadAction\",\"target\":[\"http:\\\/\\\/medecinelegale.com\\\/index.php\\\/2026\\\/03\\\/02\\\/poste-dahu-chu-de-rennes\\\/\"]}]},{\"@type\":\"ImageObject\",\"inLanguage\":\"fr-FR\",\"@id\":\"http:\\\/\\\/medecinelegale.com\\\/index.php\\\/2026\\\/03\\\/02\\\/poste-dahu-chu-de-rennes\\\/#primaryimage\",\"url\":\"https:\\\/\\\/medecinelegale.com\\\/wp-content\\\/uploads\\\/2022\\\/01\\\/churennes.jpg\",\"contentUrl\":\"https:\\\/\\\/medecinelegale.com\\\/wp-content\\\/uploads\\\/2022\\\/01\\\/churennes.jpg\",\"width\":296,\"height\":197},{\"@type\":\"BreadcrumbList\",\"@id\":\"http:\\\/\\\/medecinelegale.com\\\/index.php\\\/2026\\\/03\\\/02\\\/poste-dahu-chu-de-rennes\\\/#breadcrumb\",\"itemListElement\":[{\"@type\":\"ListItem\",\"position\":1,\"name\":\"Accueil\",\"item\":\"http:\\\/\\\/medecinelegale.com\\\/\"},{\"@type\":\"ListItem\",\"position\":2,\"name\":\"Poste d&#8217;AHU, CHU de Rennes\"}]},{\"@type\":\"WebSite\",\"@id\":\"http:\\\/\\\/medecinelegale.com\\\/#website\",\"url\":\"http:\\\/\\\/medecinelegale.com\\\/\",\"name\":\"Soci\u00e9t\u00e9 fran\u00e7aise de m\u00e9decine l\u00e9gale et d&#039;expertises m\u00e9dicales\",\"description\":\"F\u00e9d\u00e9rer l\u2019ensemble des professionnels de la m\u00e9decine l\u00e9gale\",\"publisher\":{\"@id\":\"http:\\\/\\\/medecinelegale.com\\\/#organization\"},\"potentialAction\":[{\"@type\":\"SearchAction\",\"target\":{\"@type\":\"EntryPoint\",\"urlTemplate\":\"http:\\\/\\\/medecinelegale.com\\\/?s={search_term_string}\"},\"query-input\":{\"@type\":\"PropertyValueSpecification\",\"valueRequired\":true,\"valueName\":\"search_term_string\"}}],\"inLanguage\":\"fr-FR\"},{\"@type\":\"Organization\",\"@id\":\"http:\\\/\\\/medecinelegale.com\\\/#organization\",\"name\":\"Soci\u00e9t\u00e9 Fran\u00e7aise de M\u00e9decine L\u00e9gale et d\u2019expertises m\u00e9dicales\",\"url\":\"http:\\\/\\\/medecinelegale.com\\\/\",\"logo\":{\"@type\":\"ImageObject\",\"inLanguage\":\"fr-FR\",\"@id\":\"http:\\\/\\\/medecinelegale.com\\\/#\\\/schema\\\/logo\\\/image\\\/\",\"url\":\"https:\\\/\\\/medecinelegale.com\\\/wp-content\\\/uploads\\\/2021\\\/09\\\/logo_SFML_s.png\",\"contentUrl\":\"https:\\\/\\\/medecinelegale.com\\\/wp-content\\\/uploads\\\/2021\\\/09\\\/logo_SFML_s.png\",\"width\":400,\"height\":165,\"caption\":\"Soci\u00e9t\u00e9 Fran\u00e7aise de M\u00e9decine L\u00e9gale et d\u2019expertises m\u00e9dicales\"},\"image\":{\"@id\":\"http:\\\/\\\/medecinelegale.com\\\/#\\\/schema\\\/logo\\\/image\\\/\"},\"sameAs\":[\"https:\\\/\\\/x.com\\\/sfmlem\",\"https:\\\/\\\/www.linkedin.com\\\/company\\\/soci\u00e9t\u00e9-fran\u00e7aise-de-m\u00e9decine-l\u00e9gale-et-d-expertises-m\u00e9dicales\\\/\"]},{\"@type\":\"Person\",\"@id\":\"http:\\\/\\\/medecinelegale.com\\\/#\\\/schema\\\/person\\\/8360f7bf6bf0d90052a1c4226d6ceedf\",\"name\":\"Martin Kolopp\",\"image\":{\"@type\":\"ImageObject\",\"inLanguage\":\"fr-FR\",\"@id\":\"https:\\\/\\\/secure.gravatar.com\\\/avatar\\\/e90560980d145e4a317570b73915f2d61df22bc2f217340462d257b6a55d5acb?s=96&d=mm&r=g\",\"url\":\"https:\\\/\\\/secure.gravatar.com\\\/avatar\\\/e90560980d145e4a317570b73915f2d61df22bc2f217340462d257b6a55d5acb?s=96&d=mm&r=g\",\"contentUrl\":\"https:\\\/\\\/secure.gravatar.com\\\/avatar\\\/e90560980d145e4a317570b73915f2d61df22bc2f217340462d257b6a55d5acb?s=96&d=mm&r=g\",\"caption\":\"Martin Kolopp\"},\"url\":\"https:\\\/\\\/medecinelegale.com\\\/index.php\\\/author\\\/martin-kolopp\\\/\"}]}<\/script>\n<!-- \/ Yoast SEO plugin. -->","yoast_head_json":{"title":"Poste d'AHU, CHU de Rennes &#8211; Soci\u00e9t\u00e9 fran\u00e7aise de m\u00e9decine l\u00e9gale et d&#039;expertises m\u00e9dicales","description":"Actualit\u00e9 de la Soci\u00e9t\u00e9 fran\u00e7aise de m\u00e9decine l\u00e9gale et d'expertises m\u00e9dicales","robots":{"index":"index","follow":"follow","max-snippet":"max-snippet:-1","max-image-preview":"max-image-preview:large","max-video-preview":"max-video-preview:-1"},"canonical":"http:\/\/medecinelegale.com\/index.php\/2026\/03\/02\/poste-dahu-chu-de-rennes\/","og_locale":"fr_FR","og_type":"article","og_title":"Poste d'AHU, CHU de Rennes &#8211; Soci\u00e9t\u00e9 fran\u00e7aise de m\u00e9decine l\u00e9gale et d&#039;expertises m\u00e9dicales","og_description":"Actualit\u00e9 de la Soci\u00e9t\u00e9 fran\u00e7aise de m\u00e9decine l\u00e9gale et d'expertises m\u00e9dicales","og_url":"http:\/\/medecinelegale.com\/index.php\/2026\/03\/02\/poste-dahu-chu-de-rennes\/","og_site_name":"Soci\u00e9t\u00e9 fran\u00e7aise de m\u00e9decine l\u00e9gale et d&#039;expertises m\u00e9dicales","article_published_time":"2026-03-02T14:33:38+00:00","article_modified_time":"2026-03-02T14:34:16+00:00","og_image":[{"width":296,"height":197,"url":"http:\/\/medecinelegale.com\/wp-content\/uploads\/2022\/01\/churennes.jpg","type":"image\/jpeg"}],"author":"Martin Kolopp","twitter_card":"summary_large_image","twitter_creator":"@sfmlem","twitter_site":"@sfmlem","twitter_misc":{"\u00c9crit par":"Martin Kolopp","Dur\u00e9e de lecture estim\u00e9e":"1 minute"},"schema":{"@context":"https:\/\/schema.org","@graph":[{"@type":"Article","@id":"http:\/\/medecinelegale.com\/index.php\/2026\/03\/02\/poste-dahu-chu-de-rennes\/#article","isPartOf":{"@id":"http:\/\/medecinelegale.com\/index.php\/2026\/03\/02\/poste-dahu-chu-de-rennes\/"},"author":{"name":"Martin Kolopp","@id":"http:\/\/medecinelegale.com\/#\/schema\/person\/8360f7bf6bf0d90052a1c4226d6ceedf"},"headline":"Poste d&#8217;AHU, CHU de Rennes","datePublished":"2026-03-02T14:33:38+00:00","dateModified":"2026-03-02T14:34:16+00:00","mainEntityOfPage":{"@id":"http:\/\/medecinelegale.com\/index.php\/2026\/03\/02\/poste-dahu-chu-de-rennes\/"},"wordCount":127,"publisher":{"@id":"http:\/\/medecinelegale.com\/#organization"},"image":{"@id":"http:\/\/medecinelegale.com\/index.php\/2026\/03\/02\/poste-dahu-chu-de-rennes\/#primaryimage"},"thumbnailUrl":"https:\/\/medecinelegale.com\/wp-content\/uploads\/2022\/01\/churennes.jpg","articleSection":["Annonces"],"inLanguage":"fr-FR"},{"@type":"WebPage","@id":"http:\/\/medecinelegale.com\/index.php\/2026\/03\/02\/poste-dahu-chu-de-rennes\/","url":"http:\/\/medecinelegale.com\/index.php\/2026\/03\/02\/poste-dahu-chu-de-rennes\/","name":"Poste d'AHU, CHU de Rennes &#8211; Soci\u00e9t\u00e9 fran\u00e7aise de m\u00e9decine l\u00e9gale et d&#039;expertises m\u00e9dicales","isPartOf":{"@id":"http:\/\/medecinelegale.com\/#website"},"primaryImageOfPage":{"@id":"http:\/\/medecinelegale.com\/index.php\/2026\/03\/02\/poste-dahu-chu-de-rennes\/#primaryimage"},"image":{"@id":"http:\/\/medecinelegale.com\/index.php\/2026\/03\/02\/poste-dahu-chu-de-rennes\/#primaryimage"},"thumbnailUrl":"https:\/\/medecinelegale.com\/wp-content\/uploads\/2022\/01\/churennes.jpg","datePublished":"2026-03-02T14:33:38+00:00","dateModified":"2026-03-02T14:34:16+00:00","description":"Actualit\u00e9 de la Soci\u00e9t\u00e9 fran\u00e7aise de m\u00e9decine l\u00e9gale et d'expertises m\u00e9dicales","breadcrumb":{"@id":"http:\/\/medecinelegale.com\/index.php\/2026\/03\/02\/poste-dahu-chu-de-rennes\/#breadcrumb"},"inLanguage":"fr-FR","potentialAction":[{"@type":"ReadAction","target":["http:\/\/medecinelegale.com\/index.php\/2026\/03\/02\/poste-dahu-chu-de-rennes\/"]}]},{"@type":"ImageObject","inLanguage":"fr-FR","@id":"http:\/\/medecinelegale.com\/index.php\/2026\/03\/02\/poste-dahu-chu-de-rennes\/#primaryimage","url":"https:\/\/medecinelegale.com\/wp-content\/uploads\/2022\/01\/churennes.jpg","contentUrl":"https:\/\/medecinelegale.com\/wp-content\/uploads\/2022\/01\/churennes.jpg","width":296,"height":197},{"@type":"BreadcrumbList","@id":"http:\/\/medecinelegale.com\/index.php\/2026\/03\/02\/poste-dahu-chu-de-rennes\/#breadcrumb","itemListElement":[{"@type":"ListItem","position":1,"name":"Accueil","item":"http:\/\/medecinelegale.com\/"},{"@type":"ListItem","position":2,"name":"Poste d&#8217;AHU, CHU de Rennes"}]},{"@type":"WebSite","@id":"http:\/\/medecinelegale.com\/#website","url":"http:\/\/medecinelegale.com\/","name":"Soci\u00e9t\u00e9 fran\u00e7aise de m\u00e9decine l\u00e9gale et d&#039;expertises m\u00e9dicales","description":"F\u00e9d\u00e9rer l\u2019ensemble des professionnels de la m\u00e9decine l\u00e9gale","publisher":{"@id":"http:\/\/medecinelegale.com\/#organization"},"potentialAction":[{"@type":"SearchAction","target":{"@type":"EntryPoint","urlTemplate":"http:\/\/medecinelegale.com\/?s={search_term_string}"},"query-input":{"@type":"PropertyValueSpecification","valueRequired":true,"valueName":"search_term_string"}}],"inLanguage":"fr-FR"},{"@type":"Organization","@id":"http:\/\/medecinelegale.com\/#organization","name":"Soci\u00e9t\u00e9 Fran\u00e7aise de M\u00e9decine L\u00e9gale et d\u2019expertises m\u00e9dicales","url":"http:\/\/medecinelegale.com\/","logo":{"@type":"ImageObject","inLanguage":"fr-FR","@id":"http:\/\/medecinelegale.com\/#\/schema\/logo\/image\/","url":"https:\/\/medecinelegale.com\/wp-content\/uploads\/2021\/09\/logo_SFML_s.png","contentUrl":"https:\/\/medecinelegale.com\/wp-content\/uploads\/2021\/09\/logo_SFML_s.png","width":400,"height":165,"caption":"Soci\u00e9t\u00e9 Fran\u00e7aise de M\u00e9decine L\u00e9gale et d\u2019expertises m\u00e9dicales"},"image":{"@id":"http:\/\/medecinelegale.com\/#\/schema\/logo\/image\/"},"sameAs":["https:\/\/x.com\/sfmlem","https:\/\/www.linkedin.com\/company\/soci\u00e9t\u00e9-fran\u00e7aise-de-m\u00e9decine-l\u00e9gale-et-d-expertises-m\u00e9dicales\/"]},{"@type":"Person","@id":"http:\/\/medecinelegale.com\/#\/schema\/person\/8360f7bf6bf0d90052a1c4226d6ceedf","name":"Martin Kolopp","image":{"@type":"ImageObject","inLanguage":"fr-FR","@id":"https:\/\/secure.gravatar.com\/avatar\/e90560980d145e4a317570b73915f2d61df22bc2f217340462d257b6a55d5acb?s=96&d=mm&r=g","url":"https:\/\/secure.gravatar.com\/avatar\/e90560980d145e4a317570b73915f2d61df22bc2f217340462d257b6a55d5acb?s=96&d=mm&r=g","contentUrl":"https:\/\/secure.gravatar.com\/avatar\/e90560980d145e4a317570b73915f2d61df22bc2f217340462d257b6a55d5acb?s=96&d=mm&r=g","caption":"Martin Kolopp"},"url":"https:\/\/medecinelegale.com\/index.php\/author\/martin-kolopp\/"}]}},"_links":{"self":[{"href":"https:\/\/medecinelegale.com\/index.php\/wp-json\/wp\/v2\/posts\/4215","targetHints":{"allow":["GET"]}}],"collection":[{"href":"https:\/\/medecinelegale.com\/index.php\/wp-json\/wp\/v2\/posts"}],"about":[{"href":"https:\/\/medecinelegale.com\/index.php\/wp-json\/wp\/v2\/types\/post"}],"author":[{"embeddable":true,"href":"https:\/\/medecinelegale.com\/index.php\/wp-json\/wp\/v2\/users\/185"}],"replies":[{"embeddable":true,"href":"https:\/\/medecinelegale.com\/index.php\/wp-json\/wp\/v2\/comments?post=4215"}],"version-history":[{"count":1,"href":"https:\/\/medecinelegale.com\/index.php\/wp-json\/wp\/v2\/posts\/4215\/revisions"}],"predecessor-version":[{"id":4216,"href":"https:\/\/medecinelegale.com\/index.php\/wp-json\/wp\/v2\/posts\/4215\/revisions\/4216"}],"wp:featuredmedia":[{"embeddable":true,"href":"https:\/\/medecinelegale.com\/index.php\/wp-json\/wp\/v2\/media\/3014"}],"wp:attachment":[{"href":"https:\/\/medecinelegale.com\/index.php\/wp-json\/wp\/v2\/media?parent=4215"}],"wp:term":[{"taxonomy":"category","embeddable":true,"href":"https:\/\/medecinelegale.com\/index.php\/wp-json\/wp\/v2\/categories?post=4215"},{"taxonomy":"post_tag","embeddable":true,"href":"https:\/\/medecinelegale.com\/index.php\/wp-json\/wp\/v2\/tags?post=4215"}],"curies":[{"name":"wp","href":"https:\/\/api.w.org\/{rel}","templated":true}]}}