{"id":4210,"date":"2026-02-23T15:09:26","date_gmt":"2026-02-23T14:09:26","guid":{"rendered":"https:\/\/medecinelegale.com\/?p=4210"},"modified":"2026-02-23T15:09:49","modified_gmt":"2026-02-23T14:09:49","slug":"poste-dahu-chu-de-nice","status":"publish","type":"post","link":"https:\/\/medecinelegale.com\/index.php\/2026\/02\/23\/poste-dahu-chu-de-nice\/","title":{"rendered":"Poste d&#8217;AHU, CHU de Nice"},"content":{"rendered":"\n<p>Le service de m\u00e9decine l\u00e9gale de Nice recherche un poste de chef de clinique \/ AHU <strong>\u00e0 partir du 1er novembre 2026 pour une dur\u00e9e de deux ans<\/strong>.<\/p>\n\n\n\n<p>L\u2019activit\u00e9 du centre pivot de Nice est \u00e9galement teint\u00e9e de plusieurs sp\u00e9cificit\u00e9s que le<br>candidat pourra choisir librement de d\u00e9couvrir en fonction de ses aspirations :<\/p>\n\n\n\n<ul class=\"wp-block-list\">\n<li><strong>formation <\/strong>durant ce clinicat \u00e0 l&#8217;anthropologie m\u00e9dico -l\u00e9gale pour ceux que cela int\u00e9resse. La formation au Work shop est ais\u00e9e et gratuite pour les internes\/AHU de Nice, et le candidat a la possibilit\u00e9 de suivre l\u2019activit\u00e9 du laboratoire universitaire d\u2019anthropologie m\u00e9dico l\u00e9gale de NICE (IAML) inclus dans une unit\u00e9 de recherche clinique de l\u2019Universit\u00e9 cote d\u2019Azur (UR2CA). L\u2019IAML peut aussi vous accueillir pour r\u00e9aliser votre <strong>m\u00e9moire de Master<\/strong> (1 ou 2) durant cette p\u00e9riode et valider une <strong>publication<\/strong>.<\/li>\n\n\n\n<li>participation \u00e0 l\u2019<strong>UAPED <\/strong>de proximit\u00e9 (GRASSE) qui est en cours de structuration.<\/li>\n\n\n\n<li>formation <strong>au volet psychiatrique de la m\u00e9decine l\u00e9gale<\/strong> avec nos psychologues et notre m\u00e9decin l\u00e9giste psychiatre Dr BERNARDI (fixation du versant psychologique de l\u2019ITT p\u00e9nale, harc\u00e8lements\u2026.)<\/li>\n\n\n\n<li>formation (optionnelle) avec les m\u00e9decins experts inscrits sur la Cour d\u2019Appel d\u2019Aix-en-Provence dans le cadre de leur <strong>FMC<\/strong><\/li>\n<\/ul>\n\n\n\n<p>Informations et contacts dans la fiche de poste ci-dessous<\/p>\n\n\n\n<div class=\"wp-block-buttons is-content-justification-center is-layout-flex wp-container-core-buttons-is-layout-16018d1d wp-block-buttons-is-layout-flex\">\n<div class=\"wp-block-button\"><a class=\"wp-block-button__link wp-element-button\" href=\"https:\/\/medecinelegale.com\/wp-content\/uploads\/2026\/02\/2026.02-Fiche-poste-Nice.pdf\">Consulter la fiche de poste<\/a><\/div>\n<\/div>\n","protected":false},"excerpt":{"rendered":"<p>Le service de m\u00e9decine l\u00e9gale de Nice recherche un poste de chef de clinique \/ AHU \u00e0 partir du 1er novembre 2026 pour une dur\u00e9e de<span class=\"excerpt-hellip\"> [\u2026]<\/span><\/p>\n","protected":false},"author":185,"featured_media":2755,"comment_status":"closed","ping_status":"closed","sticky":false,"template":"","format":"standard","meta":{"footnotes":""},"categories":[17],"tags":[],"class_list":["post-4210","post","type-post","status-publish","format-standard","has-post-thumbnail","hentry","category-annonces"],"yoast_head":"<!-- This site is optimized with the Yoast SEO plugin v27.4 - https:\/\/yoast.com\/product\/yoast-seo-wordpress\/ -->\n<title>Poste d&#039;AHU, CHU de Nice &#8211; Soci\u00e9t\u00e9 fran\u00e7aise de m\u00e9decine l\u00e9gale et d&#039;expertises m\u00e9dicales<\/title>\n<meta name=\"description\" content=\"Actualit\u00e9 de la Soci\u00e9t\u00e9 fran\u00e7aise de m\u00e9decine l\u00e9gale et d&#039;expertises m\u00e9dicales\" \/>\n<meta name=\"robots\" content=\"index, follow, max-snippet:-1, max-image-preview:large, max-video-preview:-1\" \/>\n<link rel=\"canonical\" href=\"http:\/\/medecinelegale.com\/index.php\/2026\/02\/23\/poste-dahu-chu-de-nice\/\" \/>\n<meta property=\"og:locale\" content=\"fr_FR\" \/>\n<meta property=\"og:type\" content=\"article\" \/>\n<meta property=\"og:title\" content=\"Poste d&#039;AHU, CHU de Nice &#8211; Soci\u00e9t\u00e9 fran\u00e7aise de m\u00e9decine l\u00e9gale et d&#039;expertises m\u00e9dicales\" \/>\n<meta property=\"og:description\" content=\"Actualit\u00e9 de la Soci\u00e9t\u00e9 fran\u00e7aise de m\u00e9decine l\u00e9gale et d&#039;expertises m\u00e9dicales\" \/>\n<meta property=\"og:url\" content=\"http:\/\/medecinelegale.com\/index.php\/2026\/02\/23\/poste-dahu-chu-de-nice\/\" \/>\n<meta property=\"og:site_name\" content=\"Soci\u00e9t\u00e9 fran\u00e7aise de m\u00e9decine l\u00e9gale et d&#039;expertises m\u00e9dicales\" \/>\n<meta property=\"article:published_time\" content=\"2026-02-23T14:09:26+00:00\" \/>\n<meta property=\"article:modified_time\" content=\"2026-02-23T14:09:49+00:00\" \/>\n<meta property=\"og:image\" content=\"http:\/\/medecinelegale.com\/wp-content\/uploads\/2021\/09\/CHU-Nice.png\" \/>\n\t<meta property=\"og:image:width\" content=\"332\" \/>\n\t<meta property=\"og:image:height\" content=\"159\" \/>\n\t<meta property=\"og:image:type\" content=\"image\/png\" \/>\n<meta name=\"author\" content=\"Martin Kolopp\" \/>\n<meta name=\"twitter:card\" content=\"summary_large_image\" \/>\n<meta name=\"twitter:creator\" content=\"@sfmlem\" \/>\n<meta name=\"twitter:site\" content=\"@sfmlem\" \/>\n<meta name=\"twitter:label1\" content=\"\u00c9crit par\" \/>\n\t<meta name=\"twitter:data1\" content=\"Martin Kolopp\" \/>\n\t<meta name=\"twitter:label2\" content=\"Dur\u00e9e de lecture estim\u00e9e\" \/>\n\t<meta name=\"twitter:data2\" content=\"2 minutes\" \/>\n<script type=\"application\/ld+json\" class=\"yoast-schema-graph\">{\"@context\":\"https:\\\/\\\/schema.org\",\"@graph\":[{\"@type\":\"Article\",\"@id\":\"http:\\\/\\\/medecinelegale.com\\\/index.php\\\/2026\\\/02\\\/23\\\/poste-dahu-chu-de-nice\\\/#article\",\"isPartOf\":{\"@id\":\"http:\\\/\\\/medecinelegale.com\\\/index.php\\\/2026\\\/02\\\/23\\\/poste-dahu-chu-de-nice\\\/\"},\"author\":{\"name\":\"Martin Kolopp\",\"@id\":\"http:\\\/\\\/medecinelegale.com\\\/#\\\/schema\\\/person\\\/8360f7bf6bf0d90052a1c4226d6ceedf\"},\"headline\":\"Poste d&#8217;AHU, CHU de Nice\",\"datePublished\":\"2026-02-23T14:09:26+00:00\",\"dateModified\":\"2026-02-23T14:09:49+00:00\",\"mainEntityOfPage\":{\"@id\":\"http:\\\/\\\/medecinelegale.com\\\/index.php\\\/2026\\\/02\\\/23\\\/poste-dahu-chu-de-nice\\\/\"},\"wordCount\":235,\"publisher\":{\"@id\":\"http:\\\/\\\/medecinelegale.com\\\/#organization\"},\"image\":{\"@id\":\"http:\\\/\\\/medecinelegale.com\\\/index.php\\\/2026\\\/02\\\/23\\\/poste-dahu-chu-de-nice\\\/#primaryimage\"},\"thumbnailUrl\":\"https:\\\/\\\/medecinelegale.com\\\/wp-content\\\/uploads\\\/2021\\\/09\\\/CHU-Nice.png\",\"articleSection\":[\"Annonces\"],\"inLanguage\":\"fr-FR\"},{\"@type\":\"WebPage\",\"@id\":\"http:\\\/\\\/medecinelegale.com\\\/index.php\\\/2026\\\/02\\\/23\\\/poste-dahu-chu-de-nice\\\/\",\"url\":\"http:\\\/\\\/medecinelegale.com\\\/index.php\\\/2026\\\/02\\\/23\\\/poste-dahu-chu-de-nice\\\/\",\"name\":\"Poste d'AHU, CHU de Nice &#8211; Soci\u00e9t\u00e9 fran\u00e7aise de m\u00e9decine l\u00e9gale et d&#039;expertises m\u00e9dicales\",\"isPartOf\":{\"@id\":\"http:\\\/\\\/medecinelegale.com\\\/#website\"},\"primaryImageOfPage\":{\"@id\":\"http:\\\/\\\/medecinelegale.com\\\/index.php\\\/2026\\\/02\\\/23\\\/poste-dahu-chu-de-nice\\\/#primaryimage\"},\"image\":{\"@id\":\"http:\\\/\\\/medecinelegale.com\\\/index.php\\\/2026\\\/02\\\/23\\\/poste-dahu-chu-de-nice\\\/#primaryimage\"},\"thumbnailUrl\":\"https:\\\/\\\/medecinelegale.com\\\/wp-content\\\/uploads\\\/2021\\\/09\\\/CHU-Nice.png\",\"datePublished\":\"2026-02-23T14:09:26+00:00\",\"dateModified\":\"2026-02-23T14:09:49+00:00\",\"description\":\"Actualit\u00e9 de la Soci\u00e9t\u00e9 fran\u00e7aise de m\u00e9decine l\u00e9gale et d'expertises m\u00e9dicales\",\"breadcrumb\":{\"@id\":\"http:\\\/\\\/medecinelegale.com\\\/index.php\\\/2026\\\/02\\\/23\\\/poste-dahu-chu-de-nice\\\/#breadcrumb\"},\"inLanguage\":\"fr-FR\",\"potentialAction\":[{\"@type\":\"ReadAction\",\"target\":[\"http:\\\/\\\/medecinelegale.com\\\/index.php\\\/2026\\\/02\\\/23\\\/poste-dahu-chu-de-nice\\\/\"]}]},{\"@type\":\"ImageObject\",\"inLanguage\":\"fr-FR\",\"@id\":\"http:\\\/\\\/medecinelegale.com\\\/index.php\\\/2026\\\/02\\\/23\\\/poste-dahu-chu-de-nice\\\/#primaryimage\",\"url\":\"https:\\\/\\\/medecinelegale.com\\\/wp-content\\\/uploads\\\/2021\\\/09\\\/CHU-Nice.png\",\"contentUrl\":\"https:\\\/\\\/medecinelegale.com\\\/wp-content\\\/uploads\\\/2021\\\/09\\\/CHU-Nice.png\",\"width\":332,\"height\":159},{\"@type\":\"BreadcrumbList\",\"@id\":\"http:\\\/\\\/medecinelegale.com\\\/index.php\\\/2026\\\/02\\\/23\\\/poste-dahu-chu-de-nice\\\/#breadcrumb\",\"itemListElement\":[{\"@type\":\"ListItem\",\"position\":1,\"name\":\"Accueil\",\"item\":\"http:\\\/\\\/medecinelegale.com\\\/\"},{\"@type\":\"ListItem\",\"position\":2,\"name\":\"Poste d&#8217;AHU, CHU de Nice\"}]},{\"@type\":\"WebSite\",\"@id\":\"http:\\\/\\\/medecinelegale.com\\\/#website\",\"url\":\"http:\\\/\\\/medecinelegale.com\\\/\",\"name\":\"Soci\u00e9t\u00e9 fran\u00e7aise de m\u00e9decine l\u00e9gale et d&#039;expertises m\u00e9dicales\",\"description\":\"F\u00e9d\u00e9rer l\u2019ensemble des professionnels de la m\u00e9decine l\u00e9gale\",\"publisher\":{\"@id\":\"http:\\\/\\\/medecinelegale.com\\\/#organization\"},\"potentialAction\":[{\"@type\":\"SearchAction\",\"target\":{\"@type\":\"EntryPoint\",\"urlTemplate\":\"http:\\\/\\\/medecinelegale.com\\\/?s={search_term_string}\"},\"query-input\":{\"@type\":\"PropertyValueSpecification\",\"valueRequired\":true,\"valueName\":\"search_term_string\"}}],\"inLanguage\":\"fr-FR\"},{\"@type\":\"Organization\",\"@id\":\"http:\\\/\\\/medecinelegale.com\\\/#organization\",\"name\":\"Soci\u00e9t\u00e9 Fran\u00e7aise de M\u00e9decine L\u00e9gale et d\u2019expertises m\u00e9dicales\",\"url\":\"http:\\\/\\\/medecinelegale.com\\\/\",\"logo\":{\"@type\":\"ImageObject\",\"inLanguage\":\"fr-FR\",\"@id\":\"http:\\\/\\\/medecinelegale.com\\\/#\\\/schema\\\/logo\\\/image\\\/\",\"url\":\"https:\\\/\\\/medecinelegale.com\\\/wp-content\\\/uploads\\\/2021\\\/09\\\/logo_SFML_s.png\",\"contentUrl\":\"https:\\\/\\\/medecinelegale.com\\\/wp-content\\\/uploads\\\/2021\\\/09\\\/logo_SFML_s.png\",\"width\":400,\"height\":165,\"caption\":\"Soci\u00e9t\u00e9 Fran\u00e7aise de M\u00e9decine L\u00e9gale et d\u2019expertises m\u00e9dicales\"},\"image\":{\"@id\":\"http:\\\/\\\/medecinelegale.com\\\/#\\\/schema\\\/logo\\\/image\\\/\"},\"sameAs\":[\"https:\\\/\\\/x.com\\\/sfmlem\",\"https:\\\/\\\/www.linkedin.com\\\/company\\\/soci\u00e9t\u00e9-fran\u00e7aise-de-m\u00e9decine-l\u00e9gale-et-d-expertises-m\u00e9dicales\\\/\"]},{\"@type\":\"Person\",\"@id\":\"http:\\\/\\\/medecinelegale.com\\\/#\\\/schema\\\/person\\\/8360f7bf6bf0d90052a1c4226d6ceedf\",\"name\":\"Martin Kolopp\",\"image\":{\"@type\":\"ImageObject\",\"inLanguage\":\"fr-FR\",\"@id\":\"https:\\\/\\\/secure.gravatar.com\\\/avatar\\\/e90560980d145e4a317570b73915f2d61df22bc2f217340462d257b6a55d5acb?s=96&d=mm&r=g\",\"url\":\"https:\\\/\\\/secure.gravatar.com\\\/avatar\\\/e90560980d145e4a317570b73915f2d61df22bc2f217340462d257b6a55d5acb?s=96&d=mm&r=g\",\"contentUrl\":\"https:\\\/\\\/secure.gravatar.com\\\/avatar\\\/e90560980d145e4a317570b73915f2d61df22bc2f217340462d257b6a55d5acb?s=96&d=mm&r=g\",\"caption\":\"Martin Kolopp\"},\"url\":\"https:\\\/\\\/medecinelegale.com\\\/index.php\\\/author\\\/martin-kolopp\\\/\"}]}<\/script>\n<!-- \/ Yoast SEO plugin. -->","yoast_head_json":{"title":"Poste d'AHU, CHU de Nice &#8211; Soci\u00e9t\u00e9 fran\u00e7aise de m\u00e9decine l\u00e9gale et d&#039;expertises m\u00e9dicales","description":"Actualit\u00e9 de la Soci\u00e9t\u00e9 fran\u00e7aise de m\u00e9decine l\u00e9gale et d'expertises m\u00e9dicales","robots":{"index":"index","follow":"follow","max-snippet":"max-snippet:-1","max-image-preview":"max-image-preview:large","max-video-preview":"max-video-preview:-1"},"canonical":"http:\/\/medecinelegale.com\/index.php\/2026\/02\/23\/poste-dahu-chu-de-nice\/","og_locale":"fr_FR","og_type":"article","og_title":"Poste d'AHU, CHU de Nice &#8211; Soci\u00e9t\u00e9 fran\u00e7aise de m\u00e9decine l\u00e9gale et d&#039;expertises m\u00e9dicales","og_description":"Actualit\u00e9 de la Soci\u00e9t\u00e9 fran\u00e7aise de m\u00e9decine l\u00e9gale et d'expertises m\u00e9dicales","og_url":"http:\/\/medecinelegale.com\/index.php\/2026\/02\/23\/poste-dahu-chu-de-nice\/","og_site_name":"Soci\u00e9t\u00e9 fran\u00e7aise de m\u00e9decine l\u00e9gale et d&#039;expertises m\u00e9dicales","article_published_time":"2026-02-23T14:09:26+00:00","article_modified_time":"2026-02-23T14:09:49+00:00","og_image":[{"width":332,"height":159,"url":"http:\/\/medecinelegale.com\/wp-content\/uploads\/2021\/09\/CHU-Nice.png","type":"image\/png"}],"author":"Martin Kolopp","twitter_card":"summary_large_image","twitter_creator":"@sfmlem","twitter_site":"@sfmlem","twitter_misc":{"\u00c9crit par":"Martin Kolopp","Dur\u00e9e de lecture estim\u00e9e":"2 minutes"},"schema":{"@context":"https:\/\/schema.org","@graph":[{"@type":"Article","@id":"http:\/\/medecinelegale.com\/index.php\/2026\/02\/23\/poste-dahu-chu-de-nice\/#article","isPartOf":{"@id":"http:\/\/medecinelegale.com\/index.php\/2026\/02\/23\/poste-dahu-chu-de-nice\/"},"author":{"name":"Martin Kolopp","@id":"http:\/\/medecinelegale.com\/#\/schema\/person\/8360f7bf6bf0d90052a1c4226d6ceedf"},"headline":"Poste d&#8217;AHU, CHU de Nice","datePublished":"2026-02-23T14:09:26+00:00","dateModified":"2026-02-23T14:09:49+00:00","mainEntityOfPage":{"@id":"http:\/\/medecinelegale.com\/index.php\/2026\/02\/23\/poste-dahu-chu-de-nice\/"},"wordCount":235,"publisher":{"@id":"http:\/\/medecinelegale.com\/#organization"},"image":{"@id":"http:\/\/medecinelegale.com\/index.php\/2026\/02\/23\/poste-dahu-chu-de-nice\/#primaryimage"},"thumbnailUrl":"https:\/\/medecinelegale.com\/wp-content\/uploads\/2021\/09\/CHU-Nice.png","articleSection":["Annonces"],"inLanguage":"fr-FR"},{"@type":"WebPage","@id":"http:\/\/medecinelegale.com\/index.php\/2026\/02\/23\/poste-dahu-chu-de-nice\/","url":"http:\/\/medecinelegale.com\/index.php\/2026\/02\/23\/poste-dahu-chu-de-nice\/","name":"Poste d'AHU, CHU de Nice &#8211; Soci\u00e9t\u00e9 fran\u00e7aise de m\u00e9decine l\u00e9gale et d&#039;expertises m\u00e9dicales","isPartOf":{"@id":"http:\/\/medecinelegale.com\/#website"},"primaryImageOfPage":{"@id":"http:\/\/medecinelegale.com\/index.php\/2026\/02\/23\/poste-dahu-chu-de-nice\/#primaryimage"},"image":{"@id":"http:\/\/medecinelegale.com\/index.php\/2026\/02\/23\/poste-dahu-chu-de-nice\/#primaryimage"},"thumbnailUrl":"https:\/\/medecinelegale.com\/wp-content\/uploads\/2021\/09\/CHU-Nice.png","datePublished":"2026-02-23T14:09:26+00:00","dateModified":"2026-02-23T14:09:49+00:00","description":"Actualit\u00e9 de la Soci\u00e9t\u00e9 fran\u00e7aise de m\u00e9decine l\u00e9gale et d'expertises m\u00e9dicales","breadcrumb":{"@id":"http:\/\/medecinelegale.com\/index.php\/2026\/02\/23\/poste-dahu-chu-de-nice\/#breadcrumb"},"inLanguage":"fr-FR","potentialAction":[{"@type":"ReadAction","target":["http:\/\/medecinelegale.com\/index.php\/2026\/02\/23\/poste-dahu-chu-de-nice\/"]}]},{"@type":"ImageObject","inLanguage":"fr-FR","@id":"http:\/\/medecinelegale.com\/index.php\/2026\/02\/23\/poste-dahu-chu-de-nice\/#primaryimage","url":"https:\/\/medecinelegale.com\/wp-content\/uploads\/2021\/09\/CHU-Nice.png","contentUrl":"https:\/\/medecinelegale.com\/wp-content\/uploads\/2021\/09\/CHU-Nice.png","width":332,"height":159},{"@type":"BreadcrumbList","@id":"http:\/\/medecinelegale.com\/index.php\/2026\/02\/23\/poste-dahu-chu-de-nice\/#breadcrumb","itemListElement":[{"@type":"ListItem","position":1,"name":"Accueil","item":"http:\/\/medecinelegale.com\/"},{"@type":"ListItem","position":2,"name":"Poste d&#8217;AHU, CHU de Nice"}]},{"@type":"WebSite","@id":"http:\/\/medecinelegale.com\/#website","url":"http:\/\/medecinelegale.com\/","name":"Soci\u00e9t\u00e9 fran\u00e7aise de m\u00e9decine l\u00e9gale et d&#039;expertises m\u00e9dicales","description":"F\u00e9d\u00e9rer l\u2019ensemble des professionnels de la m\u00e9decine l\u00e9gale","publisher":{"@id":"http:\/\/medecinelegale.com\/#organization"},"potentialAction":[{"@type":"SearchAction","target":{"@type":"EntryPoint","urlTemplate":"http:\/\/medecinelegale.com\/?s={search_term_string}"},"query-input":{"@type":"PropertyValueSpecification","valueRequired":true,"valueName":"search_term_string"}}],"inLanguage":"fr-FR"},{"@type":"Organization","@id":"http:\/\/medecinelegale.com\/#organization","name":"Soci\u00e9t\u00e9 Fran\u00e7aise de M\u00e9decine L\u00e9gale et d\u2019expertises m\u00e9dicales","url":"http:\/\/medecinelegale.com\/","logo":{"@type":"ImageObject","inLanguage":"fr-FR","@id":"http:\/\/medecinelegale.com\/#\/schema\/logo\/image\/","url":"https:\/\/medecinelegale.com\/wp-content\/uploads\/2021\/09\/logo_SFML_s.png","contentUrl":"https:\/\/medecinelegale.com\/wp-content\/uploads\/2021\/09\/logo_SFML_s.png","width":400,"height":165,"caption":"Soci\u00e9t\u00e9 Fran\u00e7aise de M\u00e9decine L\u00e9gale et d\u2019expertises m\u00e9dicales"},"image":{"@id":"http:\/\/medecinelegale.com\/#\/schema\/logo\/image\/"},"sameAs":["https:\/\/x.com\/sfmlem","https:\/\/www.linkedin.com\/company\/soci\u00e9t\u00e9-fran\u00e7aise-de-m\u00e9decine-l\u00e9gale-et-d-expertises-m\u00e9dicales\/"]},{"@type":"Person","@id":"http:\/\/medecinelegale.com\/#\/schema\/person\/8360f7bf6bf0d90052a1c4226d6ceedf","name":"Martin Kolopp","image":{"@type":"ImageObject","inLanguage":"fr-FR","@id":"https:\/\/secure.gravatar.com\/avatar\/e90560980d145e4a317570b73915f2d61df22bc2f217340462d257b6a55d5acb?s=96&d=mm&r=g","url":"https:\/\/secure.gravatar.com\/avatar\/e90560980d145e4a317570b73915f2d61df22bc2f217340462d257b6a55d5acb?s=96&d=mm&r=g","contentUrl":"https:\/\/secure.gravatar.com\/avatar\/e90560980d145e4a317570b73915f2d61df22bc2f217340462d257b6a55d5acb?s=96&d=mm&r=g","caption":"Martin Kolopp"},"url":"https:\/\/medecinelegale.com\/index.php\/author\/martin-kolopp\/"}]}},"_links":{"self":[{"href":"https:\/\/medecinelegale.com\/index.php\/wp-json\/wp\/v2\/posts\/4210","targetHints":{"allow":["GET"]}}],"collection":[{"href":"https:\/\/medecinelegale.com\/index.php\/wp-json\/wp\/v2\/posts"}],"about":[{"href":"https:\/\/medecinelegale.com\/index.php\/wp-json\/wp\/v2\/types\/post"}],"author":[{"embeddable":true,"href":"https:\/\/medecinelegale.com\/index.php\/wp-json\/wp\/v2\/users\/185"}],"replies":[{"embeddable":true,"href":"https:\/\/medecinelegale.com\/index.php\/wp-json\/wp\/v2\/comments?post=4210"}],"version-history":[{"count":2,"href":"https:\/\/medecinelegale.com\/index.php\/wp-json\/wp\/v2\/posts\/4210\/revisions"}],"predecessor-version":[{"id":4213,"href":"https:\/\/medecinelegale.com\/index.php\/wp-json\/wp\/v2\/posts\/4210\/revisions\/4213"}],"wp:featuredmedia":[{"embeddable":true,"href":"https:\/\/medecinelegale.com\/index.php\/wp-json\/wp\/v2\/media\/2755"}],"wp:attachment":[{"href":"https:\/\/medecinelegale.com\/index.php\/wp-json\/wp\/v2\/media?parent=4210"}],"wp:term":[{"taxonomy":"category","embeddable":true,"href":"https:\/\/medecinelegale.com\/index.php\/wp-json\/wp\/v2\/categories?post=4210"},{"taxonomy":"post_tag","embeddable":true,"href":"https:\/\/medecinelegale.com\/index.php\/wp-json\/wp\/v2\/tags?post=4210"}],"curies":[{"name":"wp","href":"https:\/\/api.w.org\/{rel}","templated":true}]}}