{"id":4092,"date":"2025-10-27T11:34:21","date_gmt":"2025-10-27T10:34:21","guid":{"rendered":"https:\/\/medecinelegale.com\/?p=4092"},"modified":"2025-12-12T10:25:56","modified_gmt":"2025-12-12T09:25:56","slug":"27-novembre-2025-regards-croises-sur-lia-en-sante","status":"publish","type":"post","link":"https:\/\/medecinelegale.com\/index.php\/2025\/10\/27\/27-novembre-2025-regards-croises-sur-lia-en-sante\/","title":{"rendered":"27 novembre 2025 &#8211; Regards crois\u00e9s sur l&#8217;IA en sant\u00e9"},"content":{"rendered":"\n<h3 class=\"wp-block-heading has-text-align-center\"><strong>Jeudi 27 novembre 2025<br>Universit\u00e9 de Rennes, Campus Sant\u00e9<br>Salle des th\u00e8ses<br>Entr\u00e9e libre dans la limite des places disponibles<\/strong><\/h3>\n\n\n\n<p>Au-del\u00e0 des pratiques de soin sur lesquelles la litt\u00e9rature est d\u00e9j\u00e0 abondante, l\u2019intelligence artificielle (IA) transforme en profondeur l\u2019enseignement et la recherche dans le domaine de la sant\u00e9. Les enjeux de ces mutations gagnent \u00e0 \u00eatre \u00e9clair\u00e9s selon des perspectives critiques et plurielles tant l\u2019IA s\u2019impose aujourd\u2019hui comme un objet d\u2019interrogation transversal, appelant un dialogue renouvel\u00e9 entre les disciplines.<\/p>\n\n\n\n<p>L\u2019atelier pluridisciplinaire \u00ab Regards crois\u00e9s sur l\u2019IA en sant\u00e9 \u00bb propose de r\u00e9unir enseignants, chercheurs et praticiens autour de quelques-unes de leurs pr\u00e9occupations et de partager r\u00e9flexions et exp\u00e9riences dans le champ de la philosophie, du droit, de la m\u00e9decine et de la pharmacie. On interrogera notamment les pr\u00e9suppos\u00e9s \u00e9pist\u00e9mologiques de l\u2019IA, les cadres juridiques actuels et leurs limites, les \u00e9volutions de l\u2019enseignement et de la recherche et, enfin, les transformations des pratiques professionnelles.<\/p>\n\n\n\n<div class=\"wp-block-buttons is-content-justification-center is-layout-flex wp-container-core-buttons-is-layout-16018d1d wp-block-buttons-is-layout-flex\">\n<div class=\"wp-block-button\"><a class=\"wp-block-button__link wp-element-button\" href=\"https:\/\/medecinelegale.com\/wp-content\/uploads\/2025\/10\/Ateliers-Regards-croises-IA-Sante-Rennes-27-11-2025.pdf\">Programme<\/a><\/div>\n<\/div>\n\n\n\n<p><\/p>\n","protected":false},"excerpt":{"rendered":"<p>Jeudi 27 novembre 2025Universit\u00e9 de Rennes, Campus Sant\u00e9Salle des th\u00e8sesEntr\u00e9e libre dans la limite des places disponibles Au-del\u00e0 des pratiques de soin sur lesquelles la litt\u00e9rature<span class=\"excerpt-hellip\"> [\u2026]<\/span><\/p>\n","protected":false},"author":185,"featured_media":0,"comment_status":"closed","ping_status":"open","sticky":false,"template":"","format":"standard","meta":{"footnotes":""},"categories":[14],"tags":[],"class_list":["post-4092","post","type-post","status-publish","format-standard","hentry","category-actualites"],"yoast_head":"<!-- This site is optimized with the Yoast SEO plugin v27.5 - https:\/\/yoast.com\/product\/yoast-seo-wordpress\/ -->\n<title>27 novembre 2025 - Regards crois\u00e9s sur l&#039;IA en sant\u00e9 &#8211; Soci\u00e9t\u00e9 fran\u00e7aise de m\u00e9decine l\u00e9gale et d&#039;expertises m\u00e9dicales<\/title>\n<meta name=\"description\" content=\"Actualit\u00e9 de la Soci\u00e9t\u00e9 fran\u00e7aise de m\u00e9decine l\u00e9gale et d&#039;expertises m\u00e9dicales\" \/>\n<meta name=\"robots\" content=\"index, follow, max-snippet:-1, max-image-preview:large, max-video-preview:-1\" \/>\n<link rel=\"canonical\" href=\"https:\/\/medecinelegale.com\/index.php\/2025\/10\/27\/27-novembre-2025-regards-croises-sur-lia-en-sante\/\" \/>\n<meta property=\"og:locale\" content=\"fr_FR\" \/>\n<meta property=\"og:type\" content=\"article\" \/>\n<meta property=\"og:title\" content=\"27 novembre 2025 - Regards crois\u00e9s sur l&#039;IA en sant\u00e9 &#8211; Soci\u00e9t\u00e9 fran\u00e7aise de m\u00e9decine l\u00e9gale et d&#039;expertises m\u00e9dicales\" \/>\n<meta property=\"og:description\" content=\"Actualit\u00e9 de la Soci\u00e9t\u00e9 fran\u00e7aise de m\u00e9decine l\u00e9gale et d&#039;expertises m\u00e9dicales\" \/>\n<meta property=\"og:url\" content=\"https:\/\/medecinelegale.com\/index.php\/2025\/10\/27\/27-novembre-2025-regards-croises-sur-lia-en-sante\/\" \/>\n<meta property=\"og:site_name\" content=\"Soci\u00e9t\u00e9 fran\u00e7aise de m\u00e9decine l\u00e9gale et d&#039;expertises m\u00e9dicales\" \/>\n<meta property=\"article:published_time\" content=\"2025-10-27T10:34:21+00:00\" \/>\n<meta property=\"article:modified_time\" content=\"2025-12-12T09:25:56+00:00\" \/>\n<meta property=\"og:image\" content=\"https:\/\/medecinelegale.com\/wp-content\/uploads\/2021\/09\/Me\u0301decin-et-marteau-_1047750205-scaled.jpg\" \/>\n\t<meta property=\"og:image:width\" content=\"2560\" \/>\n\t<meta property=\"og:image:height\" content=\"1471\" \/>\n\t<meta property=\"og:image:type\" content=\"image\/jpeg\" \/>\n<meta name=\"author\" content=\"Martin Kolopp\" \/>\n<meta name=\"twitter:card\" content=\"summary_large_image\" \/>\n<meta name=\"twitter:creator\" content=\"@sfmlem\" \/>\n<meta name=\"twitter:site\" content=\"@sfmlem\" \/>\n<meta name=\"twitter:label1\" content=\"\u00c9crit par\" \/>\n\t<meta name=\"twitter:data1\" content=\"Martin Kolopp\" \/>\n\t<meta name=\"twitter:label2\" content=\"Dur\u00e9e de lecture estim\u00e9e\" \/>\n\t<meta name=\"twitter:data2\" content=\"1 minute\" \/>\n<script type=\"application\/ld+json\" class=\"yoast-schema-graph\">{\"@context\":\"https:\\\/\\\/schema.org\",\"@graph\":[{\"@type\":\"Article\",\"@id\":\"https:\\\/\\\/medecinelegale.com\\\/index.php\\\/2025\\\/10\\\/27\\\/27-novembre-2025-regards-croises-sur-lia-en-sante\\\/#article\",\"isPartOf\":{\"@id\":\"https:\\\/\\\/medecinelegale.com\\\/index.php\\\/2025\\\/10\\\/27\\\/27-novembre-2025-regards-croises-sur-lia-en-sante\\\/\"},\"author\":{\"name\":\"Martin Kolopp\",\"@id\":\"http:\\\/\\\/medecinelegale.com\\\/#\\\/schema\\\/person\\\/8360f7bf6bf0d90052a1c4226d6ceedf\"},\"headline\":\"27 novembre 2025 &#8211; Regards crois\u00e9s sur l&#8217;IA en sant\u00e9\",\"datePublished\":\"2025-10-27T10:34:21+00:00\",\"dateModified\":\"2025-12-12T09:25:56+00:00\",\"mainEntityOfPage\":{\"@id\":\"https:\\\/\\\/medecinelegale.com\\\/index.php\\\/2025\\\/10\\\/27\\\/27-novembre-2025-regards-croises-sur-lia-en-sante\\\/\"},\"wordCount\":182,\"publisher\":{\"@id\":\"http:\\\/\\\/medecinelegale.com\\\/#organization\"},\"articleSection\":[\"Actualit\u00e9s\"],\"inLanguage\":\"fr-FR\"},{\"@type\":\"WebPage\",\"@id\":\"https:\\\/\\\/medecinelegale.com\\\/index.php\\\/2025\\\/10\\\/27\\\/27-novembre-2025-regards-croises-sur-lia-en-sante\\\/\",\"url\":\"https:\\\/\\\/medecinelegale.com\\\/index.php\\\/2025\\\/10\\\/27\\\/27-novembre-2025-regards-croises-sur-lia-en-sante\\\/\",\"name\":\"27 novembre 2025 - Regards crois\u00e9s sur l'IA en sant\u00e9 &#8211; Soci\u00e9t\u00e9 fran\u00e7aise de m\u00e9decine l\u00e9gale et d&#039;expertises m\u00e9dicales\",\"isPartOf\":{\"@id\":\"http:\\\/\\\/medecinelegale.com\\\/#website\"},\"datePublished\":\"2025-10-27T10:34:21+00:00\",\"dateModified\":\"2025-12-12T09:25:56+00:00\",\"description\":\"Actualit\u00e9 de la Soci\u00e9t\u00e9 fran\u00e7aise de m\u00e9decine l\u00e9gale et d'expertises m\u00e9dicales\",\"breadcrumb\":{\"@id\":\"https:\\\/\\\/medecinelegale.com\\\/index.php\\\/2025\\\/10\\\/27\\\/27-novembre-2025-regards-croises-sur-lia-en-sante\\\/#breadcrumb\"},\"inLanguage\":\"fr-FR\",\"potentialAction\":[{\"@type\":\"ReadAction\",\"target\":[\"https:\\\/\\\/medecinelegale.com\\\/index.php\\\/2025\\\/10\\\/27\\\/27-novembre-2025-regards-croises-sur-lia-en-sante\\\/\"]}]},{\"@type\":\"BreadcrumbList\",\"@id\":\"https:\\\/\\\/medecinelegale.com\\\/index.php\\\/2025\\\/10\\\/27\\\/27-novembre-2025-regards-croises-sur-lia-en-sante\\\/#breadcrumb\",\"itemListElement\":[{\"@type\":\"ListItem\",\"position\":1,\"name\":\"Accueil\",\"item\":\"http:\\\/\\\/medecinelegale.com\\\/\"},{\"@type\":\"ListItem\",\"position\":2,\"name\":\"27 novembre 2025 &#8211; Regards crois\u00e9s sur l&#8217;IA en sant\u00e9\"}]},{\"@type\":\"WebSite\",\"@id\":\"http:\\\/\\\/medecinelegale.com\\\/#website\",\"url\":\"http:\\\/\\\/medecinelegale.com\\\/\",\"name\":\"Soci\u00e9t\u00e9 fran\u00e7aise de m\u00e9decine l\u00e9gale et d&#039;expertises m\u00e9dicales\",\"description\":\"F\u00e9d\u00e9rer l\u2019ensemble des professionnels de la m\u00e9decine l\u00e9gale\",\"publisher\":{\"@id\":\"http:\\\/\\\/medecinelegale.com\\\/#organization\"},\"potentialAction\":[{\"@type\":\"SearchAction\",\"target\":{\"@type\":\"EntryPoint\",\"urlTemplate\":\"http:\\\/\\\/medecinelegale.com\\\/?s={search_term_string}\"},\"query-input\":{\"@type\":\"PropertyValueSpecification\",\"valueRequired\":true,\"valueName\":\"search_term_string\"}}],\"inLanguage\":\"fr-FR\"},{\"@type\":\"Organization\",\"@id\":\"http:\\\/\\\/medecinelegale.com\\\/#organization\",\"name\":\"Soci\u00e9t\u00e9 Fran\u00e7aise de M\u00e9decine L\u00e9gale et d\u2019expertises m\u00e9dicales\",\"url\":\"http:\\\/\\\/medecinelegale.com\\\/\",\"logo\":{\"@type\":\"ImageObject\",\"inLanguage\":\"fr-FR\",\"@id\":\"http:\\\/\\\/medecinelegale.com\\\/#\\\/schema\\\/logo\\\/image\\\/\",\"url\":\"https:\\\/\\\/medecinelegale.com\\\/wp-content\\\/uploads\\\/2021\\\/09\\\/logo_SFML_s.png\",\"contentUrl\":\"https:\\\/\\\/medecinelegale.com\\\/wp-content\\\/uploads\\\/2021\\\/09\\\/logo_SFML_s.png\",\"width\":400,\"height\":165,\"caption\":\"Soci\u00e9t\u00e9 Fran\u00e7aise de M\u00e9decine L\u00e9gale et d\u2019expertises m\u00e9dicales\"},\"image\":{\"@id\":\"http:\\\/\\\/medecinelegale.com\\\/#\\\/schema\\\/logo\\\/image\\\/\"},\"sameAs\":[\"https:\\\/\\\/x.com\\\/sfmlem\",\"https:\\\/\\\/www.linkedin.com\\\/company\\\/soci\u00e9t\u00e9-fran\u00e7aise-de-m\u00e9decine-l\u00e9gale-et-d-expertises-m\u00e9dicales\\\/\"]},{\"@type\":\"Person\",\"@id\":\"http:\\\/\\\/medecinelegale.com\\\/#\\\/schema\\\/person\\\/8360f7bf6bf0d90052a1c4226d6ceedf\",\"name\":\"Martin Kolopp\",\"image\":{\"@type\":\"ImageObject\",\"inLanguage\":\"fr-FR\",\"@id\":\"https:\\\/\\\/secure.gravatar.com\\\/avatar\\\/e90560980d145e4a317570b73915f2d61df22bc2f217340462d257b6a55d5acb?s=96&d=mm&r=g\",\"url\":\"https:\\\/\\\/secure.gravatar.com\\\/avatar\\\/e90560980d145e4a317570b73915f2d61df22bc2f217340462d257b6a55d5acb?s=96&d=mm&r=g\",\"contentUrl\":\"https:\\\/\\\/secure.gravatar.com\\\/avatar\\\/e90560980d145e4a317570b73915f2d61df22bc2f217340462d257b6a55d5acb?s=96&d=mm&r=g\",\"caption\":\"Martin Kolopp\"},\"url\":\"https:\\\/\\\/medecinelegale.com\\\/index.php\\\/author\\\/martin-kolopp\\\/\"}]}<\/script>\n<!-- \/ Yoast SEO plugin. -->","yoast_head_json":{"title":"27 novembre 2025 - Regards crois\u00e9s sur l'IA en sant\u00e9 &#8211; Soci\u00e9t\u00e9 fran\u00e7aise de m\u00e9decine l\u00e9gale et d&#039;expertises m\u00e9dicales","description":"Actualit\u00e9 de la Soci\u00e9t\u00e9 fran\u00e7aise de m\u00e9decine l\u00e9gale et d'expertises m\u00e9dicales","robots":{"index":"index","follow":"follow","max-snippet":"max-snippet:-1","max-image-preview":"max-image-preview:large","max-video-preview":"max-video-preview:-1"},"canonical":"https:\/\/medecinelegale.com\/index.php\/2025\/10\/27\/27-novembre-2025-regards-croises-sur-lia-en-sante\/","og_locale":"fr_FR","og_type":"article","og_title":"27 novembre 2025 - Regards crois\u00e9s sur l'IA en sant\u00e9 &#8211; Soci\u00e9t\u00e9 fran\u00e7aise de m\u00e9decine l\u00e9gale et d&#039;expertises m\u00e9dicales","og_description":"Actualit\u00e9 de la Soci\u00e9t\u00e9 fran\u00e7aise de m\u00e9decine l\u00e9gale et d'expertises m\u00e9dicales","og_url":"https:\/\/medecinelegale.com\/index.php\/2025\/10\/27\/27-novembre-2025-regards-croises-sur-lia-en-sante\/","og_site_name":"Soci\u00e9t\u00e9 fran\u00e7aise de m\u00e9decine l\u00e9gale et d&#039;expertises m\u00e9dicales","article_published_time":"2025-10-27T10:34:21+00:00","article_modified_time":"2025-12-12T09:25:56+00:00","og_image":[{"width":2560,"height":1471,"url":"https:\/\/medecinelegale.com\/wp-content\/uploads\/2021\/09\/Me\u0301decin-et-marteau-_1047750205-scaled.jpg","type":"image\/jpeg"}],"author":"Martin Kolopp","twitter_card":"summary_large_image","twitter_creator":"@sfmlem","twitter_site":"@sfmlem","twitter_misc":{"\u00c9crit par":"Martin Kolopp","Dur\u00e9e de lecture estim\u00e9e":"1 minute"},"schema":{"@context":"https:\/\/schema.org","@graph":[{"@type":"Article","@id":"https:\/\/medecinelegale.com\/index.php\/2025\/10\/27\/27-novembre-2025-regards-croises-sur-lia-en-sante\/#article","isPartOf":{"@id":"https:\/\/medecinelegale.com\/index.php\/2025\/10\/27\/27-novembre-2025-regards-croises-sur-lia-en-sante\/"},"author":{"name":"Martin Kolopp","@id":"http:\/\/medecinelegale.com\/#\/schema\/person\/8360f7bf6bf0d90052a1c4226d6ceedf"},"headline":"27 novembre 2025 &#8211; Regards crois\u00e9s sur l&#8217;IA en sant\u00e9","datePublished":"2025-10-27T10:34:21+00:00","dateModified":"2025-12-12T09:25:56+00:00","mainEntityOfPage":{"@id":"https:\/\/medecinelegale.com\/index.php\/2025\/10\/27\/27-novembre-2025-regards-croises-sur-lia-en-sante\/"},"wordCount":182,"publisher":{"@id":"http:\/\/medecinelegale.com\/#organization"},"articleSection":["Actualit\u00e9s"],"inLanguage":"fr-FR"},{"@type":"WebPage","@id":"https:\/\/medecinelegale.com\/index.php\/2025\/10\/27\/27-novembre-2025-regards-croises-sur-lia-en-sante\/","url":"https:\/\/medecinelegale.com\/index.php\/2025\/10\/27\/27-novembre-2025-regards-croises-sur-lia-en-sante\/","name":"27 novembre 2025 - Regards crois\u00e9s sur l'IA en sant\u00e9 &#8211; Soci\u00e9t\u00e9 fran\u00e7aise de m\u00e9decine l\u00e9gale et d&#039;expertises m\u00e9dicales","isPartOf":{"@id":"http:\/\/medecinelegale.com\/#website"},"datePublished":"2025-10-27T10:34:21+00:00","dateModified":"2025-12-12T09:25:56+00:00","description":"Actualit\u00e9 de la Soci\u00e9t\u00e9 fran\u00e7aise de m\u00e9decine l\u00e9gale et d'expertises m\u00e9dicales","breadcrumb":{"@id":"https:\/\/medecinelegale.com\/index.php\/2025\/10\/27\/27-novembre-2025-regards-croises-sur-lia-en-sante\/#breadcrumb"},"inLanguage":"fr-FR","potentialAction":[{"@type":"ReadAction","target":["https:\/\/medecinelegale.com\/index.php\/2025\/10\/27\/27-novembre-2025-regards-croises-sur-lia-en-sante\/"]}]},{"@type":"BreadcrumbList","@id":"https:\/\/medecinelegale.com\/index.php\/2025\/10\/27\/27-novembre-2025-regards-croises-sur-lia-en-sante\/#breadcrumb","itemListElement":[{"@type":"ListItem","position":1,"name":"Accueil","item":"http:\/\/medecinelegale.com\/"},{"@type":"ListItem","position":2,"name":"27 novembre 2025 &#8211; Regards crois\u00e9s sur l&#8217;IA en sant\u00e9"}]},{"@type":"WebSite","@id":"http:\/\/medecinelegale.com\/#website","url":"http:\/\/medecinelegale.com\/","name":"Soci\u00e9t\u00e9 fran\u00e7aise de m\u00e9decine l\u00e9gale et d&#039;expertises m\u00e9dicales","description":"F\u00e9d\u00e9rer l\u2019ensemble des professionnels de la m\u00e9decine l\u00e9gale","publisher":{"@id":"http:\/\/medecinelegale.com\/#organization"},"potentialAction":[{"@type":"SearchAction","target":{"@type":"EntryPoint","urlTemplate":"http:\/\/medecinelegale.com\/?s={search_term_string}"},"query-input":{"@type":"PropertyValueSpecification","valueRequired":true,"valueName":"search_term_string"}}],"inLanguage":"fr-FR"},{"@type":"Organization","@id":"http:\/\/medecinelegale.com\/#organization","name":"Soci\u00e9t\u00e9 Fran\u00e7aise de M\u00e9decine L\u00e9gale et d\u2019expertises m\u00e9dicales","url":"http:\/\/medecinelegale.com\/","logo":{"@type":"ImageObject","inLanguage":"fr-FR","@id":"http:\/\/medecinelegale.com\/#\/schema\/logo\/image\/","url":"https:\/\/medecinelegale.com\/wp-content\/uploads\/2021\/09\/logo_SFML_s.png","contentUrl":"https:\/\/medecinelegale.com\/wp-content\/uploads\/2021\/09\/logo_SFML_s.png","width":400,"height":165,"caption":"Soci\u00e9t\u00e9 Fran\u00e7aise de M\u00e9decine L\u00e9gale et d\u2019expertises m\u00e9dicales"},"image":{"@id":"http:\/\/medecinelegale.com\/#\/schema\/logo\/image\/"},"sameAs":["https:\/\/x.com\/sfmlem","https:\/\/www.linkedin.com\/company\/soci\u00e9t\u00e9-fran\u00e7aise-de-m\u00e9decine-l\u00e9gale-et-d-expertises-m\u00e9dicales\/"]},{"@type":"Person","@id":"http:\/\/medecinelegale.com\/#\/schema\/person\/8360f7bf6bf0d90052a1c4226d6ceedf","name":"Martin Kolopp","image":{"@type":"ImageObject","inLanguage":"fr-FR","@id":"https:\/\/secure.gravatar.com\/avatar\/e90560980d145e4a317570b73915f2d61df22bc2f217340462d257b6a55d5acb?s=96&d=mm&r=g","url":"https:\/\/secure.gravatar.com\/avatar\/e90560980d145e4a317570b73915f2d61df22bc2f217340462d257b6a55d5acb?s=96&d=mm&r=g","contentUrl":"https:\/\/secure.gravatar.com\/avatar\/e90560980d145e4a317570b73915f2d61df22bc2f217340462d257b6a55d5acb?s=96&d=mm&r=g","caption":"Martin Kolopp"},"url":"https:\/\/medecinelegale.com\/index.php\/author\/martin-kolopp\/"}]}},"_links":{"self":[{"href":"https:\/\/medecinelegale.com\/index.php\/wp-json\/wp\/v2\/posts\/4092","targetHints":{"allow":["GET"]}}],"collection":[{"href":"https:\/\/medecinelegale.com\/index.php\/wp-json\/wp\/v2\/posts"}],"about":[{"href":"https:\/\/medecinelegale.com\/index.php\/wp-json\/wp\/v2\/types\/post"}],"author":[{"embeddable":true,"href":"https:\/\/medecinelegale.com\/index.php\/wp-json\/wp\/v2\/users\/185"}],"replies":[{"embeddable":true,"href":"https:\/\/medecinelegale.com\/index.php\/wp-json\/wp\/v2\/comments?post=4092"}],"version-history":[{"count":4,"href":"https:\/\/medecinelegale.com\/index.php\/wp-json\/wp\/v2\/posts\/4092\/revisions"}],"predecessor-version":[{"id":4098,"href":"https:\/\/medecinelegale.com\/index.php\/wp-json\/wp\/v2\/posts\/4092\/revisions\/4098"}],"wp:attachment":[{"href":"https:\/\/medecinelegale.com\/index.php\/wp-json\/wp\/v2\/media?parent=4092"}],"wp:term":[{"taxonomy":"category","embeddable":true,"href":"https:\/\/medecinelegale.com\/index.php\/wp-json\/wp\/v2\/categories?post=4092"},{"taxonomy":"post_tag","embeddable":true,"href":"https:\/\/medecinelegale.com\/index.php\/wp-json\/wp\/v2\/tags?post=4092"}],"curies":[{"name":"wp","href":"https:\/\/api.w.org\/{rel}","templated":true}]}}