{"id":4080,"date":"2026-04-21T13:42:17","date_gmt":"2026-04-21T11:42:17","guid":{"rendered":"https:\/\/medecinelegale.com\/?p=4080"},"modified":"2026-04-21T13:42:45","modified_gmt":"2026-04-21T11:42:45","slug":"poste-de-medecin-legiste-umj-de-perpignan","status":"publish","type":"post","link":"https:\/\/medecinelegale.com\/index.php\/2026\/04\/21\/poste-de-medecin-legiste-umj-de-perpignan\/","title":{"rendered":"Poste de m\u00e9decin l\u00e9giste et remplacement estival, UMJ de Perpignan"},"content":{"rendered":"\n<p>L&#8217;UMJ de Perpignan cherche un m\u00e9decin l\u00e9giste \u00e0 <strong>temps plein<\/strong> et propose un <strong>remplacement<\/strong> pour l&#8217;\u00e9t\u00e9 2026.<\/p>\n\n\n\n<p>L\u2019\u00e9quipe est compos\u00e9e actuellement de trois m\u00e9decins l\u00e9gistes \u00e0 temps plein. L&#8217;activit\u00e9 comprend :<\/p>\n\n\n\n<ul class=\"wp-block-list\">\n<li>consultations de victimes de violences, d\u2019accidents et d\u2019agressions sexuelles<\/li>\n\n\n\n<li>examens de compatibilit\u00e9 de garde-\u00e0-vue<\/li>\n\n\n\n<li>lev\u00e9es de corps, examens de corps, scanners post-mortem avec participation aux autopsies sur le CHU de Montpellier<\/li>\n\n\n\n<li>participation \u00e0 l\u2019UAPED avec r\u00e9alisation d\u2019examen m\u00e9dico-l\u00e9gal des mineurs coupl\u00e9e \u00e0 l\u2019audition et l\u2019accompagnement psychologique<\/li>\n\n\n\n<li>activit\u00e9 sur une Unit\u00e9 d\u00e9di\u00e9e aux victimes de Violences Intra Familiales (UAAV)<\/li>\n\n\n\n<li>participation aux astreintes m\u00e9dico-l\u00e9gales<\/li>\n\n\n\n<li>temps d\u00e9di\u00e9 aux projets de service et \u00e0 la r\u00e9daction d\u2019expertises m\u00e9dico-l\u00e9gales<\/li>\n<\/ul>\n\n\n\n<p>Informations et contacts ci-dessous<\/p>\n\n\n\n<div class=\"wp-block-buttons is-content-justification-center is-layout-flex wp-container-core-buttons-is-layout-16018d1d wp-block-buttons-is-layout-flex\">\n<div class=\"wp-block-button\"><a class=\"wp-block-button__link wp-element-button\" href=\"https:\/\/medecinelegale.com\/wp-content\/uploads\/2026\/04\/2026.04-Fiche-poste-Perpignan.pdf\">Consulter la fiche de poste<\/a><\/div>\n<\/div>\n","protected":false},"excerpt":{"rendered":"<p>L&#8217;UMJ de Perpignan cherche un m\u00e9decin l\u00e9giste \u00e0 temps plein et propose un remplacement pour l&#8217;\u00e9t\u00e9 2026. L\u2019\u00e9quipe est compos\u00e9e actuellement de trois m\u00e9decins l\u00e9gistes \u00e0<span class=\"excerpt-hellip\"> [\u2026]<\/span><\/p>\n","protected":false},"author":185,"featured_media":3320,"comment_status":"closed","ping_status":"open","sticky":false,"template":"","format":"standard","meta":{"footnotes":""},"categories":[17],"tags":[],"class_list":["post-4080","post","type-post","status-publish","format-standard","has-post-thumbnail","hentry","category-annonces"],"yoast_head":"<!-- This site is optimized with the Yoast SEO plugin v27.4 - https:\/\/yoast.com\/product\/yoast-seo-wordpress\/ -->\n<title>Poste de m\u00e9decin l\u00e9giste et remplacement estival, UMJ de Perpignan &#8211; Soci\u00e9t\u00e9 fran\u00e7aise de m\u00e9decine l\u00e9gale et d&#039;expertises m\u00e9dicales<\/title>\n<meta name=\"description\" content=\"Actualit\u00e9 de la Soci\u00e9t\u00e9 fran\u00e7aise de m\u00e9decine l\u00e9gale et d&#039;expertises m\u00e9dicales\" \/>\n<meta name=\"robots\" content=\"index, follow, max-snippet:-1, max-image-preview:large, max-video-preview:-1\" \/>\n<link rel=\"canonical\" href=\"http:\/\/medecinelegale.com\/index.php\/2026\/04\/21\/poste-de-medecin-legiste-umj-de-perpignan\/\" \/>\n<meta property=\"og:locale\" content=\"fr_FR\" \/>\n<meta property=\"og:type\" content=\"article\" \/>\n<meta property=\"og:title\" content=\"Poste de m\u00e9decin l\u00e9giste et remplacement estival, UMJ de Perpignan &#8211; Soci\u00e9t\u00e9 fran\u00e7aise de m\u00e9decine l\u00e9gale et d&#039;expertises m\u00e9dicales\" \/>\n<meta property=\"og:description\" content=\"Actualit\u00e9 de la Soci\u00e9t\u00e9 fran\u00e7aise de m\u00e9decine l\u00e9gale et d&#039;expertises m\u00e9dicales\" \/>\n<meta property=\"og:url\" content=\"http:\/\/medecinelegale.com\/index.php\/2026\/04\/21\/poste-de-medecin-legiste-umj-de-perpignan\/\" \/>\n<meta property=\"og:site_name\" content=\"Soci\u00e9t\u00e9 fran\u00e7aise de m\u00e9decine l\u00e9gale et d&#039;expertises m\u00e9dicales\" \/>\n<meta property=\"article:published_time\" content=\"2026-04-21T11:42:17+00:00\" \/>\n<meta property=\"article:modified_time\" content=\"2026-04-21T11:42:45+00:00\" \/>\n<meta property=\"og:image\" content=\"http:\/\/medecinelegale.com\/wp-content\/uploads\/2022\/10\/logo_perpignan.png\" \/>\n\t<meta property=\"og:image:width\" content=\"450\" \/>\n\t<meta property=\"og:image:height\" content=\"153\" \/>\n\t<meta property=\"og:image:type\" content=\"image\/png\" \/>\n<meta name=\"author\" content=\"Martin Kolopp\" \/>\n<meta name=\"twitter:card\" content=\"summary_large_image\" \/>\n<meta name=\"twitter:creator\" content=\"@sfmlem\" \/>\n<meta name=\"twitter:site\" content=\"@sfmlem\" \/>\n<meta name=\"twitter:label1\" content=\"\u00c9crit par\" \/>\n\t<meta name=\"twitter:data1\" content=\"Martin Kolopp\" \/>\n\t<meta name=\"twitter:label2\" content=\"Dur\u00e9e de lecture estim\u00e9e\" \/>\n\t<meta name=\"twitter:data2\" content=\"1 minute\" \/>\n<script type=\"application\/ld+json\" class=\"yoast-schema-graph\">{\"@context\":\"https:\\\/\\\/schema.org\",\"@graph\":[{\"@type\":\"Article\",\"@id\":\"http:\\\/\\\/medecinelegale.com\\\/index.php\\\/2026\\\/04\\\/21\\\/poste-de-medecin-legiste-umj-de-perpignan\\\/#article\",\"isPartOf\":{\"@id\":\"http:\\\/\\\/medecinelegale.com\\\/index.php\\\/2026\\\/04\\\/21\\\/poste-de-medecin-legiste-umj-de-perpignan\\\/\"},\"author\":{\"name\":\"Martin Kolopp\",\"@id\":\"http:\\\/\\\/medecinelegale.com\\\/#\\\/schema\\\/person\\\/8360f7bf6bf0d90052a1c4226d6ceedf\"},\"headline\":\"Poste de m\u00e9decin l\u00e9giste et remplacement estival, UMJ de Perpignan\",\"datePublished\":\"2026-04-21T11:42:17+00:00\",\"dateModified\":\"2026-04-21T11:42:45+00:00\",\"mainEntityOfPage\":{\"@id\":\"http:\\\/\\\/medecinelegale.com\\\/index.php\\\/2026\\\/04\\\/21\\\/poste-de-medecin-legiste-umj-de-perpignan\\\/\"},\"wordCount\":149,\"publisher\":{\"@id\":\"http:\\\/\\\/medecinelegale.com\\\/#organization\"},\"image\":{\"@id\":\"http:\\\/\\\/medecinelegale.com\\\/index.php\\\/2026\\\/04\\\/21\\\/poste-de-medecin-legiste-umj-de-perpignan\\\/#primaryimage\"},\"thumbnailUrl\":\"https:\\\/\\\/medecinelegale.com\\\/wp-content\\\/uploads\\\/2022\\\/10\\\/logo_perpignan.png\",\"articleSection\":[\"Annonces\"],\"inLanguage\":\"fr-FR\"},{\"@type\":\"WebPage\",\"@id\":\"http:\\\/\\\/medecinelegale.com\\\/index.php\\\/2026\\\/04\\\/21\\\/poste-de-medecin-legiste-umj-de-perpignan\\\/\",\"url\":\"http:\\\/\\\/medecinelegale.com\\\/index.php\\\/2026\\\/04\\\/21\\\/poste-de-medecin-legiste-umj-de-perpignan\\\/\",\"name\":\"Poste de m\u00e9decin l\u00e9giste et remplacement estival, UMJ de Perpignan &#8211; Soci\u00e9t\u00e9 fran\u00e7aise de m\u00e9decine l\u00e9gale et d&#039;expertises m\u00e9dicales\",\"isPartOf\":{\"@id\":\"http:\\\/\\\/medecinelegale.com\\\/#website\"},\"primaryImageOfPage\":{\"@id\":\"http:\\\/\\\/medecinelegale.com\\\/index.php\\\/2026\\\/04\\\/21\\\/poste-de-medecin-legiste-umj-de-perpignan\\\/#primaryimage\"},\"image\":{\"@id\":\"http:\\\/\\\/medecinelegale.com\\\/index.php\\\/2026\\\/04\\\/21\\\/poste-de-medecin-legiste-umj-de-perpignan\\\/#primaryimage\"},\"thumbnailUrl\":\"https:\\\/\\\/medecinelegale.com\\\/wp-content\\\/uploads\\\/2022\\\/10\\\/logo_perpignan.png\",\"datePublished\":\"2026-04-21T11:42:17+00:00\",\"dateModified\":\"2026-04-21T11:42:45+00:00\",\"description\":\"Actualit\u00e9 de la Soci\u00e9t\u00e9 fran\u00e7aise de m\u00e9decine l\u00e9gale et d'expertises m\u00e9dicales\",\"breadcrumb\":{\"@id\":\"http:\\\/\\\/medecinelegale.com\\\/index.php\\\/2026\\\/04\\\/21\\\/poste-de-medecin-legiste-umj-de-perpignan\\\/#breadcrumb\"},\"inLanguage\":\"fr-FR\",\"potentialAction\":[{\"@type\":\"ReadAction\",\"target\":[\"http:\\\/\\\/medecinelegale.com\\\/index.php\\\/2026\\\/04\\\/21\\\/poste-de-medecin-legiste-umj-de-perpignan\\\/\"]}]},{\"@type\":\"ImageObject\",\"inLanguage\":\"fr-FR\",\"@id\":\"http:\\\/\\\/medecinelegale.com\\\/index.php\\\/2026\\\/04\\\/21\\\/poste-de-medecin-legiste-umj-de-perpignan\\\/#primaryimage\",\"url\":\"https:\\\/\\\/medecinelegale.com\\\/wp-content\\\/uploads\\\/2022\\\/10\\\/logo_perpignan.png\",\"contentUrl\":\"https:\\\/\\\/medecinelegale.com\\\/wp-content\\\/uploads\\\/2022\\\/10\\\/logo_perpignan.png\",\"width\":450,\"height\":153},{\"@type\":\"BreadcrumbList\",\"@id\":\"http:\\\/\\\/medecinelegale.com\\\/index.php\\\/2026\\\/04\\\/21\\\/poste-de-medecin-legiste-umj-de-perpignan\\\/#breadcrumb\",\"itemListElement\":[{\"@type\":\"ListItem\",\"position\":1,\"name\":\"Accueil\",\"item\":\"http:\\\/\\\/medecinelegale.com\\\/\"},{\"@type\":\"ListItem\",\"position\":2,\"name\":\"Poste de m\u00e9decin l\u00e9giste et remplacement estival, UMJ de Perpignan\"}]},{\"@type\":\"WebSite\",\"@id\":\"http:\\\/\\\/medecinelegale.com\\\/#website\",\"url\":\"http:\\\/\\\/medecinelegale.com\\\/\",\"name\":\"Soci\u00e9t\u00e9 fran\u00e7aise de m\u00e9decine l\u00e9gale et d&#039;expertises m\u00e9dicales\",\"description\":\"F\u00e9d\u00e9rer l\u2019ensemble des professionnels de la m\u00e9decine l\u00e9gale\",\"publisher\":{\"@id\":\"http:\\\/\\\/medecinelegale.com\\\/#organization\"},\"potentialAction\":[{\"@type\":\"SearchAction\",\"target\":{\"@type\":\"EntryPoint\",\"urlTemplate\":\"http:\\\/\\\/medecinelegale.com\\\/?s={search_term_string}\"},\"query-input\":{\"@type\":\"PropertyValueSpecification\",\"valueRequired\":true,\"valueName\":\"search_term_string\"}}],\"inLanguage\":\"fr-FR\"},{\"@type\":\"Organization\",\"@id\":\"http:\\\/\\\/medecinelegale.com\\\/#organization\",\"name\":\"Soci\u00e9t\u00e9 Fran\u00e7aise de M\u00e9decine L\u00e9gale et d\u2019expertises m\u00e9dicales\",\"url\":\"http:\\\/\\\/medecinelegale.com\\\/\",\"logo\":{\"@type\":\"ImageObject\",\"inLanguage\":\"fr-FR\",\"@id\":\"http:\\\/\\\/medecinelegale.com\\\/#\\\/schema\\\/logo\\\/image\\\/\",\"url\":\"https:\\\/\\\/medecinelegale.com\\\/wp-content\\\/uploads\\\/2021\\\/09\\\/logo_SFML_s.png\",\"contentUrl\":\"https:\\\/\\\/medecinelegale.com\\\/wp-content\\\/uploads\\\/2021\\\/09\\\/logo_SFML_s.png\",\"width\":400,\"height\":165,\"caption\":\"Soci\u00e9t\u00e9 Fran\u00e7aise de M\u00e9decine L\u00e9gale et d\u2019expertises m\u00e9dicales\"},\"image\":{\"@id\":\"http:\\\/\\\/medecinelegale.com\\\/#\\\/schema\\\/logo\\\/image\\\/\"},\"sameAs\":[\"https:\\\/\\\/x.com\\\/sfmlem\",\"https:\\\/\\\/www.linkedin.com\\\/company\\\/soci\u00e9t\u00e9-fran\u00e7aise-de-m\u00e9decine-l\u00e9gale-et-d-expertises-m\u00e9dicales\\\/\"]},{\"@type\":\"Person\",\"@id\":\"http:\\\/\\\/medecinelegale.com\\\/#\\\/schema\\\/person\\\/8360f7bf6bf0d90052a1c4226d6ceedf\",\"name\":\"Martin Kolopp\",\"image\":{\"@type\":\"ImageObject\",\"inLanguage\":\"fr-FR\",\"@id\":\"https:\\\/\\\/secure.gravatar.com\\\/avatar\\\/e90560980d145e4a317570b73915f2d61df22bc2f217340462d257b6a55d5acb?s=96&d=mm&r=g\",\"url\":\"https:\\\/\\\/secure.gravatar.com\\\/avatar\\\/e90560980d145e4a317570b73915f2d61df22bc2f217340462d257b6a55d5acb?s=96&d=mm&r=g\",\"contentUrl\":\"https:\\\/\\\/secure.gravatar.com\\\/avatar\\\/e90560980d145e4a317570b73915f2d61df22bc2f217340462d257b6a55d5acb?s=96&d=mm&r=g\",\"caption\":\"Martin Kolopp\"},\"url\":\"https:\\\/\\\/medecinelegale.com\\\/index.php\\\/author\\\/martin-kolopp\\\/\"}]}<\/script>\n<!-- \/ Yoast SEO plugin. -->","yoast_head_json":{"title":"Poste de m\u00e9decin l\u00e9giste et remplacement estival, UMJ de Perpignan &#8211; Soci\u00e9t\u00e9 fran\u00e7aise de m\u00e9decine l\u00e9gale et d&#039;expertises m\u00e9dicales","description":"Actualit\u00e9 de la Soci\u00e9t\u00e9 fran\u00e7aise de m\u00e9decine l\u00e9gale et d'expertises m\u00e9dicales","robots":{"index":"index","follow":"follow","max-snippet":"max-snippet:-1","max-image-preview":"max-image-preview:large","max-video-preview":"max-video-preview:-1"},"canonical":"http:\/\/medecinelegale.com\/index.php\/2026\/04\/21\/poste-de-medecin-legiste-umj-de-perpignan\/","og_locale":"fr_FR","og_type":"article","og_title":"Poste de m\u00e9decin l\u00e9giste et remplacement estival, UMJ de Perpignan &#8211; Soci\u00e9t\u00e9 fran\u00e7aise de m\u00e9decine l\u00e9gale et d&#039;expertises m\u00e9dicales","og_description":"Actualit\u00e9 de la Soci\u00e9t\u00e9 fran\u00e7aise de m\u00e9decine l\u00e9gale et d'expertises m\u00e9dicales","og_url":"http:\/\/medecinelegale.com\/index.php\/2026\/04\/21\/poste-de-medecin-legiste-umj-de-perpignan\/","og_site_name":"Soci\u00e9t\u00e9 fran\u00e7aise de m\u00e9decine l\u00e9gale et d&#039;expertises m\u00e9dicales","article_published_time":"2026-04-21T11:42:17+00:00","article_modified_time":"2026-04-21T11:42:45+00:00","og_image":[{"width":450,"height":153,"url":"http:\/\/medecinelegale.com\/wp-content\/uploads\/2022\/10\/logo_perpignan.png","type":"image\/png"}],"author":"Martin Kolopp","twitter_card":"summary_large_image","twitter_creator":"@sfmlem","twitter_site":"@sfmlem","twitter_misc":{"\u00c9crit par":"Martin Kolopp","Dur\u00e9e de lecture estim\u00e9e":"1 minute"},"schema":{"@context":"https:\/\/schema.org","@graph":[{"@type":"Article","@id":"http:\/\/medecinelegale.com\/index.php\/2026\/04\/21\/poste-de-medecin-legiste-umj-de-perpignan\/#article","isPartOf":{"@id":"http:\/\/medecinelegale.com\/index.php\/2026\/04\/21\/poste-de-medecin-legiste-umj-de-perpignan\/"},"author":{"name":"Martin Kolopp","@id":"http:\/\/medecinelegale.com\/#\/schema\/person\/8360f7bf6bf0d90052a1c4226d6ceedf"},"headline":"Poste de m\u00e9decin l\u00e9giste et remplacement estival, UMJ de Perpignan","datePublished":"2026-04-21T11:42:17+00:00","dateModified":"2026-04-21T11:42:45+00:00","mainEntityOfPage":{"@id":"http:\/\/medecinelegale.com\/index.php\/2026\/04\/21\/poste-de-medecin-legiste-umj-de-perpignan\/"},"wordCount":149,"publisher":{"@id":"http:\/\/medecinelegale.com\/#organization"},"image":{"@id":"http:\/\/medecinelegale.com\/index.php\/2026\/04\/21\/poste-de-medecin-legiste-umj-de-perpignan\/#primaryimage"},"thumbnailUrl":"https:\/\/medecinelegale.com\/wp-content\/uploads\/2022\/10\/logo_perpignan.png","articleSection":["Annonces"],"inLanguage":"fr-FR"},{"@type":"WebPage","@id":"http:\/\/medecinelegale.com\/index.php\/2026\/04\/21\/poste-de-medecin-legiste-umj-de-perpignan\/","url":"http:\/\/medecinelegale.com\/index.php\/2026\/04\/21\/poste-de-medecin-legiste-umj-de-perpignan\/","name":"Poste de m\u00e9decin l\u00e9giste et remplacement estival, UMJ de Perpignan &#8211; Soci\u00e9t\u00e9 fran\u00e7aise de m\u00e9decine l\u00e9gale et d&#039;expertises m\u00e9dicales","isPartOf":{"@id":"http:\/\/medecinelegale.com\/#website"},"primaryImageOfPage":{"@id":"http:\/\/medecinelegale.com\/index.php\/2026\/04\/21\/poste-de-medecin-legiste-umj-de-perpignan\/#primaryimage"},"image":{"@id":"http:\/\/medecinelegale.com\/index.php\/2026\/04\/21\/poste-de-medecin-legiste-umj-de-perpignan\/#primaryimage"},"thumbnailUrl":"https:\/\/medecinelegale.com\/wp-content\/uploads\/2022\/10\/logo_perpignan.png","datePublished":"2026-04-21T11:42:17+00:00","dateModified":"2026-04-21T11:42:45+00:00","description":"Actualit\u00e9 de la Soci\u00e9t\u00e9 fran\u00e7aise de m\u00e9decine l\u00e9gale et d'expertises m\u00e9dicales","breadcrumb":{"@id":"http:\/\/medecinelegale.com\/index.php\/2026\/04\/21\/poste-de-medecin-legiste-umj-de-perpignan\/#breadcrumb"},"inLanguage":"fr-FR","potentialAction":[{"@type":"ReadAction","target":["http:\/\/medecinelegale.com\/index.php\/2026\/04\/21\/poste-de-medecin-legiste-umj-de-perpignan\/"]}]},{"@type":"ImageObject","inLanguage":"fr-FR","@id":"http:\/\/medecinelegale.com\/index.php\/2026\/04\/21\/poste-de-medecin-legiste-umj-de-perpignan\/#primaryimage","url":"https:\/\/medecinelegale.com\/wp-content\/uploads\/2022\/10\/logo_perpignan.png","contentUrl":"https:\/\/medecinelegale.com\/wp-content\/uploads\/2022\/10\/logo_perpignan.png","width":450,"height":153},{"@type":"BreadcrumbList","@id":"http:\/\/medecinelegale.com\/index.php\/2026\/04\/21\/poste-de-medecin-legiste-umj-de-perpignan\/#breadcrumb","itemListElement":[{"@type":"ListItem","position":1,"name":"Accueil","item":"http:\/\/medecinelegale.com\/"},{"@type":"ListItem","position":2,"name":"Poste de m\u00e9decin l\u00e9giste et remplacement estival, UMJ de Perpignan"}]},{"@type":"WebSite","@id":"http:\/\/medecinelegale.com\/#website","url":"http:\/\/medecinelegale.com\/","name":"Soci\u00e9t\u00e9 fran\u00e7aise de m\u00e9decine l\u00e9gale et d&#039;expertises m\u00e9dicales","description":"F\u00e9d\u00e9rer l\u2019ensemble des professionnels de la m\u00e9decine l\u00e9gale","publisher":{"@id":"http:\/\/medecinelegale.com\/#organization"},"potentialAction":[{"@type":"SearchAction","target":{"@type":"EntryPoint","urlTemplate":"http:\/\/medecinelegale.com\/?s={search_term_string}"},"query-input":{"@type":"PropertyValueSpecification","valueRequired":true,"valueName":"search_term_string"}}],"inLanguage":"fr-FR"},{"@type":"Organization","@id":"http:\/\/medecinelegale.com\/#organization","name":"Soci\u00e9t\u00e9 Fran\u00e7aise de M\u00e9decine L\u00e9gale et d\u2019expertises m\u00e9dicales","url":"http:\/\/medecinelegale.com\/","logo":{"@type":"ImageObject","inLanguage":"fr-FR","@id":"http:\/\/medecinelegale.com\/#\/schema\/logo\/image\/","url":"https:\/\/medecinelegale.com\/wp-content\/uploads\/2021\/09\/logo_SFML_s.png","contentUrl":"https:\/\/medecinelegale.com\/wp-content\/uploads\/2021\/09\/logo_SFML_s.png","width":400,"height":165,"caption":"Soci\u00e9t\u00e9 Fran\u00e7aise de M\u00e9decine L\u00e9gale et d\u2019expertises m\u00e9dicales"},"image":{"@id":"http:\/\/medecinelegale.com\/#\/schema\/logo\/image\/"},"sameAs":["https:\/\/x.com\/sfmlem","https:\/\/www.linkedin.com\/company\/soci\u00e9t\u00e9-fran\u00e7aise-de-m\u00e9decine-l\u00e9gale-et-d-expertises-m\u00e9dicales\/"]},{"@type":"Person","@id":"http:\/\/medecinelegale.com\/#\/schema\/person\/8360f7bf6bf0d90052a1c4226d6ceedf","name":"Martin Kolopp","image":{"@type":"ImageObject","inLanguage":"fr-FR","@id":"https:\/\/secure.gravatar.com\/avatar\/e90560980d145e4a317570b73915f2d61df22bc2f217340462d257b6a55d5acb?s=96&d=mm&r=g","url":"https:\/\/secure.gravatar.com\/avatar\/e90560980d145e4a317570b73915f2d61df22bc2f217340462d257b6a55d5acb?s=96&d=mm&r=g","contentUrl":"https:\/\/secure.gravatar.com\/avatar\/e90560980d145e4a317570b73915f2d61df22bc2f217340462d257b6a55d5acb?s=96&d=mm&r=g","caption":"Martin Kolopp"},"url":"https:\/\/medecinelegale.com\/index.php\/author\/martin-kolopp\/"}]}},"_links":{"self":[{"href":"https:\/\/medecinelegale.com\/index.php\/wp-json\/wp\/v2\/posts\/4080","targetHints":{"allow":["GET"]}}],"collection":[{"href":"https:\/\/medecinelegale.com\/index.php\/wp-json\/wp\/v2\/posts"}],"about":[{"href":"https:\/\/medecinelegale.com\/index.php\/wp-json\/wp\/v2\/types\/post"}],"author":[{"embeddable":true,"href":"https:\/\/medecinelegale.com\/index.php\/wp-json\/wp\/v2\/users\/185"}],"replies":[{"embeddable":true,"href":"https:\/\/medecinelegale.com\/index.php\/wp-json\/wp\/v2\/comments?post=4080"}],"version-history":[{"count":3,"href":"https:\/\/medecinelegale.com\/index.php\/wp-json\/wp\/v2\/posts\/4080\/revisions"}],"predecessor-version":[{"id":4262,"href":"https:\/\/medecinelegale.com\/index.php\/wp-json\/wp\/v2\/posts\/4080\/revisions\/4262"}],"wp:featuredmedia":[{"embeddable":true,"href":"https:\/\/medecinelegale.com\/index.php\/wp-json\/wp\/v2\/media\/3320"}],"wp:attachment":[{"href":"https:\/\/medecinelegale.com\/index.php\/wp-json\/wp\/v2\/media?parent=4080"}],"wp:term":[{"taxonomy":"category","embeddable":true,"href":"https:\/\/medecinelegale.com\/index.php\/wp-json\/wp\/v2\/categories?post=4080"},{"taxonomy":"post_tag","embeddable":true,"href":"https:\/\/medecinelegale.com\/index.php\/wp-json\/wp\/v2\/tags?post=4080"}],"curies":[{"name":"wp","href":"https:\/\/api.w.org\/{rel}","templated":true}]}}