{"id":3343,"date":"2022-11-16T17:54:23","date_gmt":"2022-11-16T16:54:23","guid":{"rendered":"https:\/\/medecinelegale.com\/?p=3343"},"modified":"2025-12-12T10:26:13","modified_gmt":"2025-12-12T09:26:13","slug":"journee-de-formation-a-la-toxicologie-pediatrique-medicolegale","status":"publish","type":"post","link":"https:\/\/medecinelegale.com\/index.php\/2022\/11\/16\/journee-de-formation-a-la-toxicologie-pediatrique-medicolegale\/","title":{"rendered":"Journ\u00e9e de formation \u00e0 la toxicologie p\u00e9diatrique m\u00e9dicol\u00e9gale"},"content":{"rendered":"\n<p>Le lundi 16 janvier 2023, la soci\u00e9t\u00e9 fran\u00e7aise de toxicologie analytique organise une journ\u00e9e de formation \u00e0 la toxicologie p\u00e9diatrique m\u00e9dicol\u00e9gale qui aura lieu \u00e0 l&#8217;<a href=\"https:\/\/www.google.com\/maps\/place\/Espace+Saint-Martin\/@48.8633576,2.3502335,17z\/data=!3m1!4b1!4m5!3m4!1s0x47e66e1c2824899f:0xf34018feef603ba1!8m2!3d48.8633434!4d2.3523888\" target=\"_blank\" rel=\"noreferrer noopener nofollow\">espace Saint-Martin, 199 bis rue Saint-Martin, 75\u00a0003 Paris<\/a>.<\/p>\n\n\n\n<p>Modalit\u00e9s d&#8217;inscription \u00e0 venir&#8230;<\/p>\n\n\n\n<div class=\"wp-block-buttons is-content-justification-center is-layout-flex wp-container-core-buttons-is-layout-16018d1d wp-block-buttons-is-layout-flex\">\n<div class=\"wp-block-button is-style-outline is-style-outline--1\"><a class=\"wp-block-button__link\" href=\"https:\/\/medecinelegale.com\/wp-content\/uploads\/2022\/11\/journee_sfta_programme.pdf\">Consulter le programme<\/a><\/div>\n<\/div>\n\n\n\n<p>\u00a0<\/p>\n\n\n<div class=\"wp-block-image\">\n<figure class=\"aligncenter size-large\"><img fetchpriority=\"high\" decoding=\"async\" width=\"1024\" height=\"683\" src=\"https:\/\/medecinelegale.com\/wp-content\/uploads\/2022\/11\/flyer_journee_sfta-1024x683.jpg\" alt=\"\" class=\"wp-image-3342\" srcset=\"https:\/\/medecinelegale.com\/wp-content\/uploads\/2022\/11\/flyer_journee_sfta-1024x683.jpg 1024w, https:\/\/medecinelegale.com\/wp-content\/uploads\/2022\/11\/flyer_journee_sfta-300x200.jpg 300w, https:\/\/medecinelegale.com\/wp-content\/uploads\/2022\/11\/flyer_journee_sfta-768x512.jpg 768w, https:\/\/medecinelegale.com\/wp-content\/uploads\/2022\/11\/flyer_journee_sfta-1536x1024.jpg 1536w, https:\/\/medecinelegale.com\/wp-content\/uploads\/2022\/11\/flyer_journee_sfta-2048x1365.jpg 2048w, https:\/\/medecinelegale.com\/wp-content\/uploads\/2022\/11\/flyer_journee_sfta-219x146.jpg 219w, https:\/\/medecinelegale.com\/wp-content\/uploads\/2022\/11\/flyer_journee_sfta-50x33.jpg 50w, https:\/\/medecinelegale.com\/wp-content\/uploads\/2022\/11\/flyer_journee_sfta-113x75.jpg 113w\" sizes=\"(max-width:767px) 480px, (max-width:1024px) 100vw, 1024px\" \/><\/figure>\n<\/div>","protected":false},"excerpt":{"rendered":"<p>Le lundi 16 janvier 2023, la soci\u00e9t\u00e9 fran\u00e7aise de toxicologie analytique organise une journ\u00e9e de formation \u00e0 la toxicologie p\u00e9diatrique m\u00e9dicol\u00e9gale qui aura lieu \u00e0 l&#8217;espace<span class=\"excerpt-hellip\"> [\u2026]<\/span><\/p>\n","protected":false},"author":185,"featured_media":3347,"comment_status":"closed","ping_status":"open","sticky":false,"template":"","format":"standard","meta":{"footnotes":""},"categories":[14],"tags":[],"class_list":["post-3343","post","type-post","status-publish","format-standard","has-post-thumbnail","hentry","category-actualites"],"yoast_head":"<!-- This site is optimized with the Yoast SEO plugin v27.4 - https:\/\/yoast.com\/product\/yoast-seo-wordpress\/ -->\n<title>Journ\u00e9e de formation \u00e0 la toxicologie p\u00e9diatrique m\u00e9dicol\u00e9gale &#8211; Soci\u00e9t\u00e9 fran\u00e7aise de m\u00e9decine l\u00e9gale et d&#039;expertises m\u00e9dicales<\/title>\n<meta name=\"description\" content=\"Actualit\u00e9 de la Soci\u00e9t\u00e9 fran\u00e7aise de m\u00e9decine l\u00e9gale et d&#039;expertises m\u00e9dicales\" \/>\n<meta name=\"robots\" content=\"index, follow, max-snippet:-1, max-image-preview:large, max-video-preview:-1\" \/>\n<link rel=\"canonical\" href=\"http:\/\/medecinelegale.com\/index.php\/2022\/11\/16\/journee-de-formation-a-la-toxicologie-pediatrique-medicolegale\/\" \/>\n<meta property=\"og:locale\" content=\"fr_FR\" \/>\n<meta property=\"og:type\" content=\"article\" \/>\n<meta property=\"og:title\" content=\"Journ\u00e9e de formation \u00e0 la toxicologie p\u00e9diatrique m\u00e9dicol\u00e9gale &#8211; Soci\u00e9t\u00e9 fran\u00e7aise de m\u00e9decine l\u00e9gale et d&#039;expertises m\u00e9dicales\" \/>\n<meta property=\"og:description\" content=\"Actualit\u00e9 de la Soci\u00e9t\u00e9 fran\u00e7aise de m\u00e9decine l\u00e9gale et d&#039;expertises m\u00e9dicales\" \/>\n<meta property=\"og:url\" content=\"http:\/\/medecinelegale.com\/index.php\/2022\/11\/16\/journee-de-formation-a-la-toxicologie-pediatrique-medicolegale\/\" \/>\n<meta property=\"og:site_name\" content=\"Soci\u00e9t\u00e9 fran\u00e7aise de m\u00e9decine l\u00e9gale et d&#039;expertises m\u00e9dicales\" \/>\n<meta property=\"article:published_time\" content=\"2022-11-16T16:54:23+00:00\" \/>\n<meta property=\"article:modified_time\" content=\"2025-12-12T09:26:13+00:00\" \/>\n<meta property=\"og:image\" content=\"http:\/\/medecinelegale.com\/wp-content\/uploads\/2022\/11\/logo_sfta.png\" \/>\n\t<meta property=\"og:image:width\" content=\"279\" \/>\n\t<meta property=\"og:image:height\" content=\"180\" \/>\n\t<meta property=\"og:image:type\" content=\"image\/png\" \/>\n<meta name=\"author\" content=\"Martin Kolopp\" \/>\n<meta name=\"twitter:card\" content=\"summary_large_image\" \/>\n<meta name=\"twitter:creator\" content=\"@sfmlem\" \/>\n<meta name=\"twitter:site\" content=\"@sfmlem\" \/>\n<meta name=\"twitter:label1\" content=\"\u00c9crit par\" \/>\n\t<meta name=\"twitter:data1\" content=\"Martin Kolopp\" \/>\n\t<meta name=\"twitter:label2\" content=\"Dur\u00e9e de lecture estim\u00e9e\" \/>\n\t<meta name=\"twitter:data2\" content=\"1 minute\" \/>\n<script type=\"application\/ld+json\" class=\"yoast-schema-graph\">{\"@context\":\"https:\\\/\\\/schema.org\",\"@graph\":[{\"@type\":\"Article\",\"@id\":\"http:\\\/\\\/medecinelegale.com\\\/index.php\\\/2022\\\/11\\\/16\\\/journee-de-formation-a-la-toxicologie-pediatrique-medicolegale\\\/#article\",\"isPartOf\":{\"@id\":\"http:\\\/\\\/medecinelegale.com\\\/index.php\\\/2022\\\/11\\\/16\\\/journee-de-formation-a-la-toxicologie-pediatrique-medicolegale\\\/\"},\"author\":{\"name\":\"Martin Kolopp\",\"@id\":\"http:\\\/\\\/medecinelegale.com\\\/#\\\/schema\\\/person\\\/8360f7bf6bf0d90052a1c4226d6ceedf\"},\"headline\":\"Journ\u00e9e de formation \u00e0 la toxicologie p\u00e9diatrique m\u00e9dicol\u00e9gale\",\"datePublished\":\"2022-11-16T16:54:23+00:00\",\"dateModified\":\"2025-12-12T09:26:13+00:00\",\"mainEntityOfPage\":{\"@id\":\"http:\\\/\\\/medecinelegale.com\\\/index.php\\\/2022\\\/11\\\/16\\\/journee-de-formation-a-la-toxicologie-pediatrique-medicolegale\\\/\"},\"wordCount\":53,\"publisher\":{\"@id\":\"http:\\\/\\\/medecinelegale.com\\\/#organization\"},\"image\":{\"@id\":\"http:\\\/\\\/medecinelegale.com\\\/index.php\\\/2022\\\/11\\\/16\\\/journee-de-formation-a-la-toxicologie-pediatrique-medicolegale\\\/#primaryimage\"},\"thumbnailUrl\":\"https:\\\/\\\/medecinelegale.com\\\/wp-content\\\/uploads\\\/2022\\\/11\\\/logo_sfta.png\",\"articleSection\":[\"Actualit\u00e9s\"],\"inLanguage\":\"fr-FR\"},{\"@type\":\"WebPage\",\"@id\":\"http:\\\/\\\/medecinelegale.com\\\/index.php\\\/2022\\\/11\\\/16\\\/journee-de-formation-a-la-toxicologie-pediatrique-medicolegale\\\/\",\"url\":\"http:\\\/\\\/medecinelegale.com\\\/index.php\\\/2022\\\/11\\\/16\\\/journee-de-formation-a-la-toxicologie-pediatrique-medicolegale\\\/\",\"name\":\"Journ\u00e9e de formation \u00e0 la toxicologie p\u00e9diatrique m\u00e9dicol\u00e9gale &#8211; Soci\u00e9t\u00e9 fran\u00e7aise de m\u00e9decine l\u00e9gale et d&#039;expertises m\u00e9dicales\",\"isPartOf\":{\"@id\":\"http:\\\/\\\/medecinelegale.com\\\/#website\"},\"primaryImageOfPage\":{\"@id\":\"http:\\\/\\\/medecinelegale.com\\\/index.php\\\/2022\\\/11\\\/16\\\/journee-de-formation-a-la-toxicologie-pediatrique-medicolegale\\\/#primaryimage\"},\"image\":{\"@id\":\"http:\\\/\\\/medecinelegale.com\\\/index.php\\\/2022\\\/11\\\/16\\\/journee-de-formation-a-la-toxicologie-pediatrique-medicolegale\\\/#primaryimage\"},\"thumbnailUrl\":\"https:\\\/\\\/medecinelegale.com\\\/wp-content\\\/uploads\\\/2022\\\/11\\\/logo_sfta.png\",\"datePublished\":\"2022-11-16T16:54:23+00:00\",\"dateModified\":\"2025-12-12T09:26:13+00:00\",\"description\":\"Actualit\u00e9 de la Soci\u00e9t\u00e9 fran\u00e7aise de m\u00e9decine l\u00e9gale et d'expertises m\u00e9dicales\",\"breadcrumb\":{\"@id\":\"http:\\\/\\\/medecinelegale.com\\\/index.php\\\/2022\\\/11\\\/16\\\/journee-de-formation-a-la-toxicologie-pediatrique-medicolegale\\\/#breadcrumb\"},\"inLanguage\":\"fr-FR\",\"potentialAction\":[{\"@type\":\"ReadAction\",\"target\":[\"http:\\\/\\\/medecinelegale.com\\\/index.php\\\/2022\\\/11\\\/16\\\/journee-de-formation-a-la-toxicologie-pediatrique-medicolegale\\\/\"]}]},{\"@type\":\"ImageObject\",\"inLanguage\":\"fr-FR\",\"@id\":\"http:\\\/\\\/medecinelegale.com\\\/index.php\\\/2022\\\/11\\\/16\\\/journee-de-formation-a-la-toxicologie-pediatrique-medicolegale\\\/#primaryimage\",\"url\":\"https:\\\/\\\/medecinelegale.com\\\/wp-content\\\/uploads\\\/2022\\\/11\\\/logo_sfta.png\",\"contentUrl\":\"https:\\\/\\\/medecinelegale.com\\\/wp-content\\\/uploads\\\/2022\\\/11\\\/logo_sfta.png\",\"width\":279,\"height\":180},{\"@type\":\"BreadcrumbList\",\"@id\":\"http:\\\/\\\/medecinelegale.com\\\/index.php\\\/2022\\\/11\\\/16\\\/journee-de-formation-a-la-toxicologie-pediatrique-medicolegale\\\/#breadcrumb\",\"itemListElement\":[{\"@type\":\"ListItem\",\"position\":1,\"name\":\"Accueil\",\"item\":\"http:\\\/\\\/medecinelegale.com\\\/\"},{\"@type\":\"ListItem\",\"position\":2,\"name\":\"Journ\u00e9e de formation \u00e0 la toxicologie p\u00e9diatrique m\u00e9dicol\u00e9gale\"}]},{\"@type\":\"WebSite\",\"@id\":\"http:\\\/\\\/medecinelegale.com\\\/#website\",\"url\":\"http:\\\/\\\/medecinelegale.com\\\/\",\"name\":\"Soci\u00e9t\u00e9 fran\u00e7aise de m\u00e9decine l\u00e9gale et d&#039;expertises m\u00e9dicales\",\"description\":\"F\u00e9d\u00e9rer l\u2019ensemble des professionnels de la m\u00e9decine l\u00e9gale\",\"publisher\":{\"@id\":\"http:\\\/\\\/medecinelegale.com\\\/#organization\"},\"potentialAction\":[{\"@type\":\"SearchAction\",\"target\":{\"@type\":\"EntryPoint\",\"urlTemplate\":\"http:\\\/\\\/medecinelegale.com\\\/?s={search_term_string}\"},\"query-input\":{\"@type\":\"PropertyValueSpecification\",\"valueRequired\":true,\"valueName\":\"search_term_string\"}}],\"inLanguage\":\"fr-FR\"},{\"@type\":\"Organization\",\"@id\":\"http:\\\/\\\/medecinelegale.com\\\/#organization\",\"name\":\"Soci\u00e9t\u00e9 Fran\u00e7aise de M\u00e9decine L\u00e9gale et d\u2019expertises m\u00e9dicales\",\"url\":\"http:\\\/\\\/medecinelegale.com\\\/\",\"logo\":{\"@type\":\"ImageObject\",\"inLanguage\":\"fr-FR\",\"@id\":\"http:\\\/\\\/medecinelegale.com\\\/#\\\/schema\\\/logo\\\/image\\\/\",\"url\":\"https:\\\/\\\/medecinelegale.com\\\/wp-content\\\/uploads\\\/2021\\\/09\\\/logo_SFML_s.png\",\"contentUrl\":\"https:\\\/\\\/medecinelegale.com\\\/wp-content\\\/uploads\\\/2021\\\/09\\\/logo_SFML_s.png\",\"width\":400,\"height\":165,\"caption\":\"Soci\u00e9t\u00e9 Fran\u00e7aise de M\u00e9decine L\u00e9gale et d\u2019expertises m\u00e9dicales\"},\"image\":{\"@id\":\"http:\\\/\\\/medecinelegale.com\\\/#\\\/schema\\\/logo\\\/image\\\/\"},\"sameAs\":[\"https:\\\/\\\/x.com\\\/sfmlem\",\"https:\\\/\\\/www.linkedin.com\\\/company\\\/soci\u00e9t\u00e9-fran\u00e7aise-de-m\u00e9decine-l\u00e9gale-et-d-expertises-m\u00e9dicales\\\/\"]},{\"@type\":\"Person\",\"@id\":\"http:\\\/\\\/medecinelegale.com\\\/#\\\/schema\\\/person\\\/8360f7bf6bf0d90052a1c4226d6ceedf\",\"name\":\"Martin Kolopp\",\"image\":{\"@type\":\"ImageObject\",\"inLanguage\":\"fr-FR\",\"@id\":\"https:\\\/\\\/secure.gravatar.com\\\/avatar\\\/e90560980d145e4a317570b73915f2d61df22bc2f217340462d257b6a55d5acb?s=96&d=mm&r=g\",\"url\":\"https:\\\/\\\/secure.gravatar.com\\\/avatar\\\/e90560980d145e4a317570b73915f2d61df22bc2f217340462d257b6a55d5acb?s=96&d=mm&r=g\",\"contentUrl\":\"https:\\\/\\\/secure.gravatar.com\\\/avatar\\\/e90560980d145e4a317570b73915f2d61df22bc2f217340462d257b6a55d5acb?s=96&d=mm&r=g\",\"caption\":\"Martin Kolopp\"},\"url\":\"https:\\\/\\\/medecinelegale.com\\\/index.php\\\/author\\\/martin-kolopp\\\/\"}]}<\/script>\n<!-- \/ Yoast SEO plugin. -->","yoast_head_json":{"title":"Journ\u00e9e de formation \u00e0 la toxicologie p\u00e9diatrique m\u00e9dicol\u00e9gale &#8211; Soci\u00e9t\u00e9 fran\u00e7aise de m\u00e9decine l\u00e9gale et d&#039;expertises m\u00e9dicales","description":"Actualit\u00e9 de la Soci\u00e9t\u00e9 fran\u00e7aise de m\u00e9decine l\u00e9gale et d'expertises m\u00e9dicales","robots":{"index":"index","follow":"follow","max-snippet":"max-snippet:-1","max-image-preview":"max-image-preview:large","max-video-preview":"max-video-preview:-1"},"canonical":"http:\/\/medecinelegale.com\/index.php\/2022\/11\/16\/journee-de-formation-a-la-toxicologie-pediatrique-medicolegale\/","og_locale":"fr_FR","og_type":"article","og_title":"Journ\u00e9e de formation \u00e0 la toxicologie p\u00e9diatrique m\u00e9dicol\u00e9gale &#8211; Soci\u00e9t\u00e9 fran\u00e7aise de m\u00e9decine l\u00e9gale et d&#039;expertises m\u00e9dicales","og_description":"Actualit\u00e9 de la Soci\u00e9t\u00e9 fran\u00e7aise de m\u00e9decine l\u00e9gale et d'expertises m\u00e9dicales","og_url":"http:\/\/medecinelegale.com\/index.php\/2022\/11\/16\/journee-de-formation-a-la-toxicologie-pediatrique-medicolegale\/","og_site_name":"Soci\u00e9t\u00e9 fran\u00e7aise de m\u00e9decine l\u00e9gale et d&#039;expertises m\u00e9dicales","article_published_time":"2022-11-16T16:54:23+00:00","article_modified_time":"2025-12-12T09:26:13+00:00","og_image":[{"width":279,"height":180,"url":"http:\/\/medecinelegale.com\/wp-content\/uploads\/2022\/11\/logo_sfta.png","type":"image\/png"}],"author":"Martin Kolopp","twitter_card":"summary_large_image","twitter_creator":"@sfmlem","twitter_site":"@sfmlem","twitter_misc":{"\u00c9crit par":"Martin Kolopp","Dur\u00e9e de lecture estim\u00e9e":"1 minute"},"schema":{"@context":"https:\/\/schema.org","@graph":[{"@type":"Article","@id":"http:\/\/medecinelegale.com\/index.php\/2022\/11\/16\/journee-de-formation-a-la-toxicologie-pediatrique-medicolegale\/#article","isPartOf":{"@id":"http:\/\/medecinelegale.com\/index.php\/2022\/11\/16\/journee-de-formation-a-la-toxicologie-pediatrique-medicolegale\/"},"author":{"name":"Martin Kolopp","@id":"http:\/\/medecinelegale.com\/#\/schema\/person\/8360f7bf6bf0d90052a1c4226d6ceedf"},"headline":"Journ\u00e9e de formation \u00e0 la toxicologie p\u00e9diatrique m\u00e9dicol\u00e9gale","datePublished":"2022-11-16T16:54:23+00:00","dateModified":"2025-12-12T09:26:13+00:00","mainEntityOfPage":{"@id":"http:\/\/medecinelegale.com\/index.php\/2022\/11\/16\/journee-de-formation-a-la-toxicologie-pediatrique-medicolegale\/"},"wordCount":53,"publisher":{"@id":"http:\/\/medecinelegale.com\/#organization"},"image":{"@id":"http:\/\/medecinelegale.com\/index.php\/2022\/11\/16\/journee-de-formation-a-la-toxicologie-pediatrique-medicolegale\/#primaryimage"},"thumbnailUrl":"https:\/\/medecinelegale.com\/wp-content\/uploads\/2022\/11\/logo_sfta.png","articleSection":["Actualit\u00e9s"],"inLanguage":"fr-FR"},{"@type":"WebPage","@id":"http:\/\/medecinelegale.com\/index.php\/2022\/11\/16\/journee-de-formation-a-la-toxicologie-pediatrique-medicolegale\/","url":"http:\/\/medecinelegale.com\/index.php\/2022\/11\/16\/journee-de-formation-a-la-toxicologie-pediatrique-medicolegale\/","name":"Journ\u00e9e de formation \u00e0 la toxicologie p\u00e9diatrique m\u00e9dicol\u00e9gale &#8211; Soci\u00e9t\u00e9 fran\u00e7aise de m\u00e9decine l\u00e9gale et d&#039;expertises m\u00e9dicales","isPartOf":{"@id":"http:\/\/medecinelegale.com\/#website"},"primaryImageOfPage":{"@id":"http:\/\/medecinelegale.com\/index.php\/2022\/11\/16\/journee-de-formation-a-la-toxicologie-pediatrique-medicolegale\/#primaryimage"},"image":{"@id":"http:\/\/medecinelegale.com\/index.php\/2022\/11\/16\/journee-de-formation-a-la-toxicologie-pediatrique-medicolegale\/#primaryimage"},"thumbnailUrl":"https:\/\/medecinelegale.com\/wp-content\/uploads\/2022\/11\/logo_sfta.png","datePublished":"2022-11-16T16:54:23+00:00","dateModified":"2025-12-12T09:26:13+00:00","description":"Actualit\u00e9 de la Soci\u00e9t\u00e9 fran\u00e7aise de m\u00e9decine l\u00e9gale et d'expertises m\u00e9dicales","breadcrumb":{"@id":"http:\/\/medecinelegale.com\/index.php\/2022\/11\/16\/journee-de-formation-a-la-toxicologie-pediatrique-medicolegale\/#breadcrumb"},"inLanguage":"fr-FR","potentialAction":[{"@type":"ReadAction","target":["http:\/\/medecinelegale.com\/index.php\/2022\/11\/16\/journee-de-formation-a-la-toxicologie-pediatrique-medicolegale\/"]}]},{"@type":"ImageObject","inLanguage":"fr-FR","@id":"http:\/\/medecinelegale.com\/index.php\/2022\/11\/16\/journee-de-formation-a-la-toxicologie-pediatrique-medicolegale\/#primaryimage","url":"https:\/\/medecinelegale.com\/wp-content\/uploads\/2022\/11\/logo_sfta.png","contentUrl":"https:\/\/medecinelegale.com\/wp-content\/uploads\/2022\/11\/logo_sfta.png","width":279,"height":180},{"@type":"BreadcrumbList","@id":"http:\/\/medecinelegale.com\/index.php\/2022\/11\/16\/journee-de-formation-a-la-toxicologie-pediatrique-medicolegale\/#breadcrumb","itemListElement":[{"@type":"ListItem","position":1,"name":"Accueil","item":"http:\/\/medecinelegale.com\/"},{"@type":"ListItem","position":2,"name":"Journ\u00e9e de formation \u00e0 la toxicologie p\u00e9diatrique m\u00e9dicol\u00e9gale"}]},{"@type":"WebSite","@id":"http:\/\/medecinelegale.com\/#website","url":"http:\/\/medecinelegale.com\/","name":"Soci\u00e9t\u00e9 fran\u00e7aise de m\u00e9decine l\u00e9gale et d&#039;expertises m\u00e9dicales","description":"F\u00e9d\u00e9rer l\u2019ensemble des professionnels de la m\u00e9decine l\u00e9gale","publisher":{"@id":"http:\/\/medecinelegale.com\/#organization"},"potentialAction":[{"@type":"SearchAction","target":{"@type":"EntryPoint","urlTemplate":"http:\/\/medecinelegale.com\/?s={search_term_string}"},"query-input":{"@type":"PropertyValueSpecification","valueRequired":true,"valueName":"search_term_string"}}],"inLanguage":"fr-FR"},{"@type":"Organization","@id":"http:\/\/medecinelegale.com\/#organization","name":"Soci\u00e9t\u00e9 Fran\u00e7aise de M\u00e9decine L\u00e9gale et d\u2019expertises m\u00e9dicales","url":"http:\/\/medecinelegale.com\/","logo":{"@type":"ImageObject","inLanguage":"fr-FR","@id":"http:\/\/medecinelegale.com\/#\/schema\/logo\/image\/","url":"https:\/\/medecinelegale.com\/wp-content\/uploads\/2021\/09\/logo_SFML_s.png","contentUrl":"https:\/\/medecinelegale.com\/wp-content\/uploads\/2021\/09\/logo_SFML_s.png","width":400,"height":165,"caption":"Soci\u00e9t\u00e9 Fran\u00e7aise de M\u00e9decine L\u00e9gale et d\u2019expertises m\u00e9dicales"},"image":{"@id":"http:\/\/medecinelegale.com\/#\/schema\/logo\/image\/"},"sameAs":["https:\/\/x.com\/sfmlem","https:\/\/www.linkedin.com\/company\/soci\u00e9t\u00e9-fran\u00e7aise-de-m\u00e9decine-l\u00e9gale-et-d-expertises-m\u00e9dicales\/"]},{"@type":"Person","@id":"http:\/\/medecinelegale.com\/#\/schema\/person\/8360f7bf6bf0d90052a1c4226d6ceedf","name":"Martin Kolopp","image":{"@type":"ImageObject","inLanguage":"fr-FR","@id":"https:\/\/secure.gravatar.com\/avatar\/e90560980d145e4a317570b73915f2d61df22bc2f217340462d257b6a55d5acb?s=96&d=mm&r=g","url":"https:\/\/secure.gravatar.com\/avatar\/e90560980d145e4a317570b73915f2d61df22bc2f217340462d257b6a55d5acb?s=96&d=mm&r=g","contentUrl":"https:\/\/secure.gravatar.com\/avatar\/e90560980d145e4a317570b73915f2d61df22bc2f217340462d257b6a55d5acb?s=96&d=mm&r=g","caption":"Martin Kolopp"},"url":"https:\/\/medecinelegale.com\/index.php\/author\/martin-kolopp\/"}]}},"_links":{"self":[{"href":"https:\/\/medecinelegale.com\/index.php\/wp-json\/wp\/v2\/posts\/3343","targetHints":{"allow":["GET"]}}],"collection":[{"href":"https:\/\/medecinelegale.com\/index.php\/wp-json\/wp\/v2\/posts"}],"about":[{"href":"https:\/\/medecinelegale.com\/index.php\/wp-json\/wp\/v2\/types\/post"}],"author":[{"embeddable":true,"href":"https:\/\/medecinelegale.com\/index.php\/wp-json\/wp\/v2\/users\/185"}],"replies":[{"embeddable":true,"href":"https:\/\/medecinelegale.com\/index.php\/wp-json\/wp\/v2\/comments?post=3343"}],"version-history":[{"count":10,"href":"https:\/\/medecinelegale.com\/index.php\/wp-json\/wp\/v2\/posts\/3343\/revisions"}],"predecessor-version":[{"id":3355,"href":"https:\/\/medecinelegale.com\/index.php\/wp-json\/wp\/v2\/posts\/3343\/revisions\/3355"}],"wp:featuredmedia":[{"embeddable":true,"href":"https:\/\/medecinelegale.com\/index.php\/wp-json\/wp\/v2\/media\/3347"}],"wp:attachment":[{"href":"https:\/\/medecinelegale.com\/index.php\/wp-json\/wp\/v2\/media?parent=3343"}],"wp:term":[{"taxonomy":"category","embeddable":true,"href":"https:\/\/medecinelegale.com\/index.php\/wp-json\/wp\/v2\/categories?post=3343"},{"taxonomy":"post_tag","embeddable":true,"href":"https:\/\/medecinelegale.com\/index.php\/wp-json\/wp\/v2\/tags?post=3343"}],"curies":[{"name":"wp","href":"https:\/\/api.w.org\/{rel}","templated":true}]}}