{"id":2967,"date":"2021-11-30T16:42:50","date_gmt":"2021-11-30T15:42:50","guid":{"rendered":"https:\/\/medecinelegale.com\/?p=2967"},"modified":"2025-12-12T10:26:14","modified_gmt":"2025-12-12T09:26:14","slug":"prevention-des-violences-intrafamiliales","status":"publish","type":"post","link":"https:\/\/medecinelegale.com\/index.php\/2021\/11\/30\/prevention-des-violences-intrafamiliales\/","title":{"rendered":"Pr\u00e9vention des violences intrafamiliales\u00a0"},"content":{"rendered":"\n<h1 class=\"wp-block-heading\">le 4 d\u00e9cembre 2021 \u00e0 Deauville<\/h1>\n\n\n\n<p><strong>L\u2019ODPCGQ (organisme DPC de Groupes qualit\u00e9) et le Groupe Pasteur Mutualit\u00e9 s\u2019associent, en partenariat&nbsp;avec&nbsp;le Pr Moutel et le service de m\u00e9decine l\u00e9gale du CHU Caen Normandie pour organiser un colloque m\u00e9dical sur le th\u00e8me des violences intrafamiliales<\/strong><\/p>\n\n\n\n<p><strong>Avec le soutien de l&#8217;Union R\u00e9gionale des M\u00e9decins Lib\u00e9raux de Normandie.<\/strong><\/p>\n\n\n\n<p>La violence conjugale et familiale, aujourd&#8217;hui reconnue comme un v\u00e9ritable fl\u00e9au social, a des impacts non n\u00e9gligeables sur tous les membres de la famille, tant pour la victime que pour les proches qui en sont t\u00e9moins et particuli\u00e8rement pour les enfants. &nbsp;<\/p>\n\n\n\n<p>En une ann\u00e9e, 150 femmes, 30 hommes et 20 enfants d\u00e9c\u00e8dent par morts violentes au sein du couple. Une femme meurt en moyenne tous les trois jours et un homme tous les 23 jours.&nbsp;<\/p>\n\n\n\n<p>Ce colloque destin\u00e9 aux m\u00e9decins g\u00e9n\u00e9ralistes des groupes Qualit\u00e9 Normands, ainsi qu\u2019aux m\u00e9decins et internes voulant approfondir leurs connaissances a&nbsp;pour objectif de compl\u00e9ter et actualiser les connaissances des m\u00e9decins sur les violences intrafamiliales, ainsi que sur leur place dans de telles situations et de mieux ins\u00e9rer la m\u00e9decine g\u00e9n\u00e9rale dans les dispositifs de prise en charge et d\u2019accompagnement des victimes de violences intrafamiliales.<\/p>\n\n\n\n<p>Pour la Pr\u00e9sentation de la journ\u00e9e  cliquer <a href=\"https:\/\/www.odpcgq.org\/colloque-2021-les-violences-intrafamiliales\/\">ici<\/a><\/p>\n\n\n\n<p>Pour t\u00e9l\u00e9charger le Programme cliquer <a href=\"https:\/\/www.odpcgq.org\/storage\/2021\/11\/ID-190-ODPCGQ-colloque_2021-volences_intrafamiliales-flyer.pdf\">ici<\/a><\/p>\n\n\n\n<p><\/p>\n\n\n\n<p><\/p>\n\n\n\n<h2 class=\"has-text-align-center wp-block-heading\"><\/h2>\n\n\n\n<p><\/p>\n\n\n\n<p class=\"has-text-align-center\"><\/p>\n\n\n\n<p class=\"has-text-align-center\"><\/p>\n\n\n\n<p class=\"has-text-align-center\"><\/p>\n\n\n<p><\/p>","protected":false},"excerpt":{"rendered":"<p>La violence conjugale et familiale, aujourd&#8217;hui reconnue comme un v\u00e9ritable fl\u00e9au social, a des impacts non n\u00e9gligeables sur tous les membres de la famille, tant pour la victime que pour les proches qui en sont t\u00e9moins et particuli\u00e8rement pour les enfants. \u00a0<\/p>\n","protected":false},"author":668,"featured_media":2972,"comment_status":"closed","ping_status":"open","sticky":false,"template":"","format":"standard","meta":{"footnotes":""},"categories":[14],"tags":[],"class_list":["post-2967","post","type-post","status-publish","format-standard","has-post-thumbnail","hentry","category-actualites"],"yoast_head":"<!-- This site is optimized with the Yoast SEO plugin v27.5 - https:\/\/yoast.com\/product\/yoast-seo-wordpress\/ -->\n<title>Pr\u00e9vention des violences intrafamiliales\u00a0 &#8211; Soci\u00e9t\u00e9 fran\u00e7aise de m\u00e9decine l\u00e9gale et d&#039;expertises m\u00e9dicales<\/title>\n<meta name=\"description\" content=\"Actualit\u00e9 de la Soci\u00e9t\u00e9 fran\u00e7aise de m\u00e9decine l\u00e9gale et d&#039;expertises m\u00e9dicales\" \/>\n<meta name=\"robots\" content=\"index, follow, max-snippet:-1, max-image-preview:large, max-video-preview:-1\" \/>\n<link rel=\"canonical\" href=\"http:\/\/medecinelegale.com\/index.php\/2021\/11\/30\/prevention-des-violences-intrafamiliales\/\" \/>\n<meta property=\"og:locale\" content=\"fr_FR\" \/>\n<meta property=\"og:type\" content=\"article\" \/>\n<meta property=\"og:title\" content=\"Pr\u00e9vention des violences intrafamiliales\u00a0 &#8211; Soci\u00e9t\u00e9 fran\u00e7aise de m\u00e9decine l\u00e9gale et d&#039;expertises m\u00e9dicales\" \/>\n<meta property=\"og:description\" content=\"Actualit\u00e9 de la Soci\u00e9t\u00e9 fran\u00e7aise de m\u00e9decine l\u00e9gale et d&#039;expertises m\u00e9dicales\" \/>\n<meta property=\"og:url\" content=\"http:\/\/medecinelegale.com\/index.php\/2021\/11\/30\/prevention-des-violences-intrafamiliales\/\" \/>\n<meta property=\"og:site_name\" content=\"Soci\u00e9t\u00e9 fran\u00e7aise de m\u00e9decine l\u00e9gale et d&#039;expertises m\u00e9dicales\" \/>\n<meta property=\"article:published_time\" content=\"2021-11-30T15:42:50+00:00\" \/>\n<meta property=\"article:modified_time\" content=\"2025-12-12T09:26:14+00:00\" \/>\n<meta property=\"og:image\" content=\"http:\/\/medecinelegale.com\/wp-content\/uploads\/2021\/11\/centre-international-Deauville.jpg\" \/>\n\t<meta property=\"og:image:width\" content=\"800\" \/>\n\t<meta property=\"og:image:height\" content=\"600\" \/>\n\t<meta property=\"og:image:type\" content=\"image\/jpeg\" \/>\n<meta name=\"author\" content=\"SFMLEM\" \/>\n<meta name=\"twitter:card\" content=\"summary_large_image\" \/>\n<meta name=\"twitter:creator\" content=\"@sfmlem\" \/>\n<meta name=\"twitter:site\" content=\"@sfmlem\" \/>\n<meta name=\"twitter:label1\" content=\"\u00c9crit par\" \/>\n\t<meta name=\"twitter:data1\" content=\"SFMLEM\" \/>\n\t<meta name=\"twitter:label2\" content=\"Dur\u00e9e de lecture estim\u00e9e\" \/>\n\t<meta name=\"twitter:data2\" content=\"1 minute\" \/>\n<script type=\"application\/ld+json\" class=\"yoast-schema-graph\">{\"@context\":\"https:\\\/\\\/schema.org\",\"@graph\":[{\"@type\":\"Article\",\"@id\":\"http:\\\/\\\/medecinelegale.com\\\/index.php\\\/2021\\\/11\\\/30\\\/prevention-des-violences-intrafamiliales\\\/#article\",\"isPartOf\":{\"@id\":\"http:\\\/\\\/medecinelegale.com\\\/index.php\\\/2021\\\/11\\\/30\\\/prevention-des-violences-intrafamiliales\\\/\"},\"author\":{\"name\":\"SFMLEM\",\"@id\":\"http:\\\/\\\/medecinelegale.com\\\/#\\\/schema\\\/person\\\/fd6d6e9bd054806a12c9a69665b2a328\"},\"headline\":\"Pr\u00e9vention des violences intrafamiliales\u00a0\",\"datePublished\":\"2021-11-30T15:42:50+00:00\",\"dateModified\":\"2025-12-12T09:26:14+00:00\",\"mainEntityOfPage\":{\"@id\":\"http:\\\/\\\/medecinelegale.com\\\/index.php\\\/2021\\\/11\\\/30\\\/prevention-des-violences-intrafamiliales\\\/\"},\"wordCount\":248,\"publisher\":{\"@id\":\"http:\\\/\\\/medecinelegale.com\\\/#organization\"},\"image\":{\"@id\":\"http:\\\/\\\/medecinelegale.com\\\/index.php\\\/2021\\\/11\\\/30\\\/prevention-des-violences-intrafamiliales\\\/#primaryimage\"},\"thumbnailUrl\":\"https:\\\/\\\/medecinelegale.com\\\/wp-content\\\/uploads\\\/2021\\\/11\\\/centre-international-Deauville.jpg\",\"articleSection\":[\"Actualit\u00e9s\"],\"inLanguage\":\"fr-FR\"},{\"@type\":\"WebPage\",\"@id\":\"http:\\\/\\\/medecinelegale.com\\\/index.php\\\/2021\\\/11\\\/30\\\/prevention-des-violences-intrafamiliales\\\/\",\"url\":\"http:\\\/\\\/medecinelegale.com\\\/index.php\\\/2021\\\/11\\\/30\\\/prevention-des-violences-intrafamiliales\\\/\",\"name\":\"Pr\u00e9vention des violences intrafamiliales\u00a0 &#8211; Soci\u00e9t\u00e9 fran\u00e7aise de m\u00e9decine l\u00e9gale et d&#039;expertises m\u00e9dicales\",\"isPartOf\":{\"@id\":\"http:\\\/\\\/medecinelegale.com\\\/#website\"},\"primaryImageOfPage\":{\"@id\":\"http:\\\/\\\/medecinelegale.com\\\/index.php\\\/2021\\\/11\\\/30\\\/prevention-des-violences-intrafamiliales\\\/#primaryimage\"},\"image\":{\"@id\":\"http:\\\/\\\/medecinelegale.com\\\/index.php\\\/2021\\\/11\\\/30\\\/prevention-des-violences-intrafamiliales\\\/#primaryimage\"},\"thumbnailUrl\":\"https:\\\/\\\/medecinelegale.com\\\/wp-content\\\/uploads\\\/2021\\\/11\\\/centre-international-Deauville.jpg\",\"datePublished\":\"2021-11-30T15:42:50+00:00\",\"dateModified\":\"2025-12-12T09:26:14+00:00\",\"description\":\"Actualit\u00e9 de la Soci\u00e9t\u00e9 fran\u00e7aise de m\u00e9decine l\u00e9gale et d'expertises m\u00e9dicales\",\"breadcrumb\":{\"@id\":\"http:\\\/\\\/medecinelegale.com\\\/index.php\\\/2021\\\/11\\\/30\\\/prevention-des-violences-intrafamiliales\\\/#breadcrumb\"},\"inLanguage\":\"fr-FR\",\"potentialAction\":[{\"@type\":\"ReadAction\",\"target\":[\"http:\\\/\\\/medecinelegale.com\\\/index.php\\\/2021\\\/11\\\/30\\\/prevention-des-violences-intrafamiliales\\\/\"]}]},{\"@type\":\"ImageObject\",\"inLanguage\":\"fr-FR\",\"@id\":\"http:\\\/\\\/medecinelegale.com\\\/index.php\\\/2021\\\/11\\\/30\\\/prevention-des-violences-intrafamiliales\\\/#primaryimage\",\"url\":\"https:\\\/\\\/medecinelegale.com\\\/wp-content\\\/uploads\\\/2021\\\/11\\\/centre-international-Deauville.jpg\",\"contentUrl\":\"https:\\\/\\\/medecinelegale.com\\\/wp-content\\\/uploads\\\/2021\\\/11\\\/centre-international-Deauville.jpg\",\"width\":800,\"height\":600},{\"@type\":\"BreadcrumbList\",\"@id\":\"http:\\\/\\\/medecinelegale.com\\\/index.php\\\/2021\\\/11\\\/30\\\/prevention-des-violences-intrafamiliales\\\/#breadcrumb\",\"itemListElement\":[{\"@type\":\"ListItem\",\"position\":1,\"name\":\"Accueil\",\"item\":\"http:\\\/\\\/medecinelegale.com\\\/\"},{\"@type\":\"ListItem\",\"position\":2,\"name\":\"Pr\u00e9vention des violences intrafamiliales\u00a0\"}]},{\"@type\":\"WebSite\",\"@id\":\"http:\\\/\\\/medecinelegale.com\\\/#website\",\"url\":\"http:\\\/\\\/medecinelegale.com\\\/\",\"name\":\"Soci\u00e9t\u00e9 fran\u00e7aise de m\u00e9decine l\u00e9gale et d&#039;expertises m\u00e9dicales\",\"description\":\"F\u00e9d\u00e9rer l\u2019ensemble des professionnels de la m\u00e9decine l\u00e9gale\",\"publisher\":{\"@id\":\"http:\\\/\\\/medecinelegale.com\\\/#organization\"},\"potentialAction\":[{\"@type\":\"SearchAction\",\"target\":{\"@type\":\"EntryPoint\",\"urlTemplate\":\"http:\\\/\\\/medecinelegale.com\\\/?s={search_term_string}\"},\"query-input\":{\"@type\":\"PropertyValueSpecification\",\"valueRequired\":true,\"valueName\":\"search_term_string\"}}],\"inLanguage\":\"fr-FR\"},{\"@type\":\"Organization\",\"@id\":\"http:\\\/\\\/medecinelegale.com\\\/#organization\",\"name\":\"Soci\u00e9t\u00e9 Fran\u00e7aise de M\u00e9decine L\u00e9gale et d\u2019expertises m\u00e9dicales\",\"url\":\"http:\\\/\\\/medecinelegale.com\\\/\",\"logo\":{\"@type\":\"ImageObject\",\"inLanguage\":\"fr-FR\",\"@id\":\"http:\\\/\\\/medecinelegale.com\\\/#\\\/schema\\\/logo\\\/image\\\/\",\"url\":\"https:\\\/\\\/medecinelegale.com\\\/wp-content\\\/uploads\\\/2021\\\/09\\\/logo_SFML_s.png\",\"contentUrl\":\"https:\\\/\\\/medecinelegale.com\\\/wp-content\\\/uploads\\\/2021\\\/09\\\/logo_SFML_s.png\",\"width\":400,\"height\":165,\"caption\":\"Soci\u00e9t\u00e9 Fran\u00e7aise de M\u00e9decine L\u00e9gale et d\u2019expertises m\u00e9dicales\"},\"image\":{\"@id\":\"http:\\\/\\\/medecinelegale.com\\\/#\\\/schema\\\/logo\\\/image\\\/\"},\"sameAs\":[\"https:\\\/\\\/x.com\\\/sfmlem\",\"https:\\\/\\\/www.linkedin.com\\\/company\\\/soci\u00e9t\u00e9-fran\u00e7aise-de-m\u00e9decine-l\u00e9gale-et-d-expertises-m\u00e9dicales\\\/\"]},{\"@type\":\"Person\",\"@id\":\"http:\\\/\\\/medecinelegale.com\\\/#\\\/schema\\\/person\\\/fd6d6e9bd054806a12c9a69665b2a328\",\"name\":\"SFMLEM\",\"image\":{\"@type\":\"ImageObject\",\"inLanguage\":\"fr-FR\",\"@id\":\"https:\\\/\\\/secure.gravatar.com\\\/avatar\\\/96a756a8024fd6d62d415ab80661263fc17b0f00a89a414abdc3f0526011ab09?s=96&d=mm&r=g\",\"url\":\"https:\\\/\\\/secure.gravatar.com\\\/avatar\\\/96a756a8024fd6d62d415ab80661263fc17b0f00a89a414abdc3f0526011ab09?s=96&d=mm&r=g\",\"contentUrl\":\"https:\\\/\\\/secure.gravatar.com\\\/avatar\\\/96a756a8024fd6d62d415ab80661263fc17b0f00a89a414abdc3f0526011ab09?s=96&d=mm&r=g\",\"caption\":\"SFMLEM\"},\"url\":\"https:\\\/\\\/medecinelegale.com\\\/index.php\\\/author\\\/sfmlem\\\/\"}]}<\/script>\n<!-- \/ Yoast SEO plugin. -->","yoast_head_json":{"title":"Pr\u00e9vention des violences intrafamiliales\u00a0 &#8211; Soci\u00e9t\u00e9 fran\u00e7aise de m\u00e9decine l\u00e9gale et d&#039;expertises m\u00e9dicales","description":"Actualit\u00e9 de la Soci\u00e9t\u00e9 fran\u00e7aise de m\u00e9decine l\u00e9gale et d'expertises m\u00e9dicales","robots":{"index":"index","follow":"follow","max-snippet":"max-snippet:-1","max-image-preview":"max-image-preview:large","max-video-preview":"max-video-preview:-1"},"canonical":"http:\/\/medecinelegale.com\/index.php\/2021\/11\/30\/prevention-des-violences-intrafamiliales\/","og_locale":"fr_FR","og_type":"article","og_title":"Pr\u00e9vention des violences intrafamiliales\u00a0 &#8211; Soci\u00e9t\u00e9 fran\u00e7aise de m\u00e9decine l\u00e9gale et d&#039;expertises m\u00e9dicales","og_description":"Actualit\u00e9 de la Soci\u00e9t\u00e9 fran\u00e7aise de m\u00e9decine l\u00e9gale et d'expertises m\u00e9dicales","og_url":"http:\/\/medecinelegale.com\/index.php\/2021\/11\/30\/prevention-des-violences-intrafamiliales\/","og_site_name":"Soci\u00e9t\u00e9 fran\u00e7aise de m\u00e9decine l\u00e9gale et d&#039;expertises m\u00e9dicales","article_published_time":"2021-11-30T15:42:50+00:00","article_modified_time":"2025-12-12T09:26:14+00:00","og_image":[{"width":800,"height":600,"url":"http:\/\/medecinelegale.com\/wp-content\/uploads\/2021\/11\/centre-international-Deauville.jpg","type":"image\/jpeg"}],"author":"SFMLEM","twitter_card":"summary_large_image","twitter_creator":"@sfmlem","twitter_site":"@sfmlem","twitter_misc":{"\u00c9crit par":"SFMLEM","Dur\u00e9e de lecture estim\u00e9e":"1 minute"},"schema":{"@context":"https:\/\/schema.org","@graph":[{"@type":"Article","@id":"http:\/\/medecinelegale.com\/index.php\/2021\/11\/30\/prevention-des-violences-intrafamiliales\/#article","isPartOf":{"@id":"http:\/\/medecinelegale.com\/index.php\/2021\/11\/30\/prevention-des-violences-intrafamiliales\/"},"author":{"name":"SFMLEM","@id":"http:\/\/medecinelegale.com\/#\/schema\/person\/fd6d6e9bd054806a12c9a69665b2a328"},"headline":"Pr\u00e9vention des violences intrafamiliales\u00a0","datePublished":"2021-11-30T15:42:50+00:00","dateModified":"2025-12-12T09:26:14+00:00","mainEntityOfPage":{"@id":"http:\/\/medecinelegale.com\/index.php\/2021\/11\/30\/prevention-des-violences-intrafamiliales\/"},"wordCount":248,"publisher":{"@id":"http:\/\/medecinelegale.com\/#organization"},"image":{"@id":"http:\/\/medecinelegale.com\/index.php\/2021\/11\/30\/prevention-des-violences-intrafamiliales\/#primaryimage"},"thumbnailUrl":"https:\/\/medecinelegale.com\/wp-content\/uploads\/2021\/11\/centre-international-Deauville.jpg","articleSection":["Actualit\u00e9s"],"inLanguage":"fr-FR"},{"@type":"WebPage","@id":"http:\/\/medecinelegale.com\/index.php\/2021\/11\/30\/prevention-des-violences-intrafamiliales\/","url":"http:\/\/medecinelegale.com\/index.php\/2021\/11\/30\/prevention-des-violences-intrafamiliales\/","name":"Pr\u00e9vention des violences intrafamiliales\u00a0 &#8211; Soci\u00e9t\u00e9 fran\u00e7aise de m\u00e9decine l\u00e9gale et d&#039;expertises m\u00e9dicales","isPartOf":{"@id":"http:\/\/medecinelegale.com\/#website"},"primaryImageOfPage":{"@id":"http:\/\/medecinelegale.com\/index.php\/2021\/11\/30\/prevention-des-violences-intrafamiliales\/#primaryimage"},"image":{"@id":"http:\/\/medecinelegale.com\/index.php\/2021\/11\/30\/prevention-des-violences-intrafamiliales\/#primaryimage"},"thumbnailUrl":"https:\/\/medecinelegale.com\/wp-content\/uploads\/2021\/11\/centre-international-Deauville.jpg","datePublished":"2021-11-30T15:42:50+00:00","dateModified":"2025-12-12T09:26:14+00:00","description":"Actualit\u00e9 de la Soci\u00e9t\u00e9 fran\u00e7aise de m\u00e9decine l\u00e9gale et d'expertises m\u00e9dicales","breadcrumb":{"@id":"http:\/\/medecinelegale.com\/index.php\/2021\/11\/30\/prevention-des-violences-intrafamiliales\/#breadcrumb"},"inLanguage":"fr-FR","potentialAction":[{"@type":"ReadAction","target":["http:\/\/medecinelegale.com\/index.php\/2021\/11\/30\/prevention-des-violences-intrafamiliales\/"]}]},{"@type":"ImageObject","inLanguage":"fr-FR","@id":"http:\/\/medecinelegale.com\/index.php\/2021\/11\/30\/prevention-des-violences-intrafamiliales\/#primaryimage","url":"https:\/\/medecinelegale.com\/wp-content\/uploads\/2021\/11\/centre-international-Deauville.jpg","contentUrl":"https:\/\/medecinelegale.com\/wp-content\/uploads\/2021\/11\/centre-international-Deauville.jpg","width":800,"height":600},{"@type":"BreadcrumbList","@id":"http:\/\/medecinelegale.com\/index.php\/2021\/11\/30\/prevention-des-violences-intrafamiliales\/#breadcrumb","itemListElement":[{"@type":"ListItem","position":1,"name":"Accueil","item":"http:\/\/medecinelegale.com\/"},{"@type":"ListItem","position":2,"name":"Pr\u00e9vention des violences intrafamiliales\u00a0"}]},{"@type":"WebSite","@id":"http:\/\/medecinelegale.com\/#website","url":"http:\/\/medecinelegale.com\/","name":"Soci\u00e9t\u00e9 fran\u00e7aise de m\u00e9decine l\u00e9gale et d&#039;expertises m\u00e9dicales","description":"F\u00e9d\u00e9rer l\u2019ensemble des professionnels de la m\u00e9decine l\u00e9gale","publisher":{"@id":"http:\/\/medecinelegale.com\/#organization"},"potentialAction":[{"@type":"SearchAction","target":{"@type":"EntryPoint","urlTemplate":"http:\/\/medecinelegale.com\/?s={search_term_string}"},"query-input":{"@type":"PropertyValueSpecification","valueRequired":true,"valueName":"search_term_string"}}],"inLanguage":"fr-FR"},{"@type":"Organization","@id":"http:\/\/medecinelegale.com\/#organization","name":"Soci\u00e9t\u00e9 Fran\u00e7aise de M\u00e9decine L\u00e9gale et d\u2019expertises m\u00e9dicales","url":"http:\/\/medecinelegale.com\/","logo":{"@type":"ImageObject","inLanguage":"fr-FR","@id":"http:\/\/medecinelegale.com\/#\/schema\/logo\/image\/","url":"https:\/\/medecinelegale.com\/wp-content\/uploads\/2021\/09\/logo_SFML_s.png","contentUrl":"https:\/\/medecinelegale.com\/wp-content\/uploads\/2021\/09\/logo_SFML_s.png","width":400,"height":165,"caption":"Soci\u00e9t\u00e9 Fran\u00e7aise de M\u00e9decine L\u00e9gale et d\u2019expertises m\u00e9dicales"},"image":{"@id":"http:\/\/medecinelegale.com\/#\/schema\/logo\/image\/"},"sameAs":["https:\/\/x.com\/sfmlem","https:\/\/www.linkedin.com\/company\/soci\u00e9t\u00e9-fran\u00e7aise-de-m\u00e9decine-l\u00e9gale-et-d-expertises-m\u00e9dicales\/"]},{"@type":"Person","@id":"http:\/\/medecinelegale.com\/#\/schema\/person\/fd6d6e9bd054806a12c9a69665b2a328","name":"SFMLEM","image":{"@type":"ImageObject","inLanguage":"fr-FR","@id":"https:\/\/secure.gravatar.com\/avatar\/96a756a8024fd6d62d415ab80661263fc17b0f00a89a414abdc3f0526011ab09?s=96&d=mm&r=g","url":"https:\/\/secure.gravatar.com\/avatar\/96a756a8024fd6d62d415ab80661263fc17b0f00a89a414abdc3f0526011ab09?s=96&d=mm&r=g","contentUrl":"https:\/\/secure.gravatar.com\/avatar\/96a756a8024fd6d62d415ab80661263fc17b0f00a89a414abdc3f0526011ab09?s=96&d=mm&r=g","caption":"SFMLEM"},"url":"https:\/\/medecinelegale.com\/index.php\/author\/sfmlem\/"}]}},"_links":{"self":[{"href":"https:\/\/medecinelegale.com\/index.php\/wp-json\/wp\/v2\/posts\/2967","targetHints":{"allow":["GET"]}}],"collection":[{"href":"https:\/\/medecinelegale.com\/index.php\/wp-json\/wp\/v2\/posts"}],"about":[{"href":"https:\/\/medecinelegale.com\/index.php\/wp-json\/wp\/v2\/types\/post"}],"author":[{"embeddable":true,"href":"https:\/\/medecinelegale.com\/index.php\/wp-json\/wp\/v2\/users\/668"}],"replies":[{"embeddable":true,"href":"https:\/\/medecinelegale.com\/index.php\/wp-json\/wp\/v2\/comments?post=2967"}],"version-history":[{"count":4,"href":"https:\/\/medecinelegale.com\/index.php\/wp-json\/wp\/v2\/posts\/2967\/revisions"}],"predecessor-version":[{"id":2974,"href":"https:\/\/medecinelegale.com\/index.php\/wp-json\/wp\/v2\/posts\/2967\/revisions\/2974"}],"wp:featuredmedia":[{"embeddable":true,"href":"https:\/\/medecinelegale.com\/index.php\/wp-json\/wp\/v2\/media\/2972"}],"wp:attachment":[{"href":"https:\/\/medecinelegale.com\/index.php\/wp-json\/wp\/v2\/media?parent=2967"}],"wp:term":[{"taxonomy":"category","embeddable":true,"href":"https:\/\/medecinelegale.com\/index.php\/wp-json\/wp\/v2\/categories?post=2967"},{"taxonomy":"post_tag","embeddable":true,"href":"https:\/\/medecinelegale.com\/index.php\/wp-json\/wp\/v2\/tags?post=2967"}],"curies":[{"name":"wp","href":"https:\/\/api.w.org\/{rel}","templated":true}]}}