{"id":2398,"date":"2021-07-22T15:39:00","date_gmt":"2021-07-22T13:39:00","guid":{"rendered":"http:\/\/psdojpp.cluster031.hosting.ovh.net\/?p=2398"},"modified":"2025-12-12T10:26:26","modified_gmt":"2025-12-12T09:26:26","slug":"52eme-congres-international","status":"publish","type":"post","link":"https:\/\/medecinelegale.com\/index.php\/2021\/07\/22\/52eme-congres-international\/","title":{"rendered":"22 au 24 septembre 2021<br> 52e congr\u00e8s international"},"content":{"rendered":"<h5><strong>Trois journ\u00e9es consacr\u00e9es \u00e0 la m\u00e9decine l\u00e9gale se d\u00e9rouleront du 22 au 24 septembre 2021 sur le nouveau site de la Facult\u00e9 de M\u00e9decine de Montpellier qui aura f\u00eat\u00e9 en 2020 ses 800 ans d&#8217;activit\u00e9, la plus ancienne \u00e9cole universitaire de m\u00e9decine au monde encore en activit\u00e9 !<\/strong><\/h5>\n<p>Chaque session du 52e congr\u00e8s international francophone de m\u00e9decine l\u00e9gale sera ouverte par la pr\u00e9sentation d&#8217;un keynote speaker suivie des orateurs identifi\u00e9s par l&#8217;appel \u00e0 communications sur de nombreuses th\u00e9matiques : m\u00e9decine l\u00e9gale clinique, thanatologie, expertise, anthropologie, p\u00e9diatrie, toxicologie, m\u00e9decine humanitaire, m\u00e9decine p\u00e9nitentiaire, m\u00e9diation en sant\u00e9, droit m\u00e9dical, balistique &#8230;<\/p>\n<p><strong>Ces journ\u00e9es seront pr\u00e9c\u00e9d\u00e9es les 20 et 21 septembre 2021 d&#8217;une dizaine de workshops th\u00e9matiques sur inscription.<\/strong><\/p>\n\n\n<figure class=\"wp-block-image size-large\"><img fetchpriority=\"high\" decoding=\"async\" width=\"1799\" height=\"1104\" src=\"http:\/\/psdojpp.cluster031.hosting.ovh.net\/wp-content\/uploads\/2021\/09\/Capture-de\u0301cran-2021-09-06-a\u0300-15.07.23-edited.png\" alt=\"\" class=\"wp-image-2543\" srcset=\"https:\/\/medecinelegale.com\/wp-content\/uploads\/2021\/09\/Capture-de\u0301cran-2021-09-06-a\u0300-15.07.23-edited.png 1799w, https:\/\/medecinelegale.com\/wp-content\/uploads\/2021\/09\/Capture-de\u0301cran-2021-09-06-a\u0300-15.07.23-edited-300x184.png 300w, https:\/\/medecinelegale.com\/wp-content\/uploads\/2021\/09\/Capture-de\u0301cran-2021-09-06-a\u0300-15.07.23-edited-1024x628.png 1024w, https:\/\/medecinelegale.com\/wp-content\/uploads\/2021\/09\/Capture-de\u0301cran-2021-09-06-a\u0300-15.07.23-edited-768x471.png 768w, https:\/\/medecinelegale.com\/wp-content\/uploads\/2021\/09\/Capture-de\u0301cran-2021-09-06-a\u0300-15.07.23-edited-1536x943.png 1536w, https:\/\/medecinelegale.com\/wp-content\/uploads\/2021\/09\/Capture-de\u0301cran-2021-09-06-a\u0300-15.07.23-edited-238x146.png 238w, https:\/\/medecinelegale.com\/wp-content\/uploads\/2021\/09\/Capture-de\u0301cran-2021-09-06-a\u0300-15.07.23-edited-50x31.png 50w, https:\/\/medecinelegale.com\/wp-content\/uploads\/2021\/09\/Capture-de\u0301cran-2021-09-06-a\u0300-15.07.23-edited-122x75.png 122w\" sizes=\"(max-width:767px) 480px, (max-width:1799px) 100vw, 1799px\" \/><\/figure>\n\n\n\n<p>La premi\u00e8re journ\u00e9e francophone de balistique l\u00e9sionnelle pr\u00e9vue initialement en juin 2020 \u00e0 Marseille est reprogramm\u00e9e exceptionnellement \u00e0 Montpellier pour se combiner au congr\u00e8s de m\u00e9decine l\u00e9gale ! Elle se tiendra le mardi 21 septembre 2021.<\/p>\n\n\n\n<div class=\"wp-block-buttons is-layout-flex wp-block-buttons-is-layout-flex\">\n<div class=\"wp-block-button has-custom-width wp-block-button__width-25 is-style-outline is-style-outline--1\"><a class=\"wp-block-button__link\" href=\"https:\/\/sfml2021.sciencesconf.org\/\">En savoir plus<\/a><\/div>\n<\/div>\n\n\n\n<p><\/p>\n","protected":false},"excerpt":{"rendered":"<p class=\"big\">Trois journ\u00e9es consacr\u00e9es \u00e0 la m\u00e9decine l\u00e9gale se d\u00e9rouleront du 22 au 24 septembre 2021 sur le nouveau site de la Facult\u00e9 de M\u00e9decine de Montpellier <\/p>\n","protected":false},"author":668,"featured_media":2403,"comment_status":"closed","ping_status":"open","sticky":false,"template":"","format":"standard","meta":{"footnotes":""},"categories":[14],"tags":[],"class_list":["post-2398","post","type-post","status-publish","format-standard","has-post-thumbnail","hentry","category-actualites"],"yoast_head":"<!-- This site is optimized with the Yoast SEO plugin v27.4 - https:\/\/yoast.com\/product\/yoast-seo-wordpress\/ -->\n<title>22 au 24 septembre 2021 52e congr\u00e8s international &#8211; Soci\u00e9t\u00e9 fran\u00e7aise de m\u00e9decine l\u00e9gale et d&#039;expertises m\u00e9dicales<\/title>\n<meta name=\"description\" content=\"Actualit\u00e9 de la Soci\u00e9t\u00e9 fran\u00e7aise de m\u00e9decine l\u00e9gale et d&#039;expertises m\u00e9dicales\" \/>\n<meta name=\"robots\" content=\"index, follow, max-snippet:-1, max-image-preview:large, max-video-preview:-1\" \/>\n<link rel=\"canonical\" href=\"https:\/\/medecinelegale.com\/index.php\/2021\/07\/22\/52eme-congres-international\/\" \/>\n<meta property=\"og:locale\" content=\"fr_FR\" \/>\n<meta property=\"og:type\" content=\"article\" \/>\n<meta property=\"og:title\" content=\"22 au 24 septembre 2021 52e congr\u00e8s international &#8211; Soci\u00e9t\u00e9 fran\u00e7aise de m\u00e9decine l\u00e9gale et d&#039;expertises m\u00e9dicales\" \/>\n<meta property=\"og:description\" content=\"Actualit\u00e9 de la Soci\u00e9t\u00e9 fran\u00e7aise de m\u00e9decine l\u00e9gale et d&#039;expertises m\u00e9dicales\" \/>\n<meta property=\"og:url\" content=\"https:\/\/medecinelegale.com\/index.php\/2021\/07\/22\/52eme-congres-international\/\" \/>\n<meta property=\"og:site_name\" content=\"Soci\u00e9t\u00e9 fran\u00e7aise de m\u00e9decine l\u00e9gale et d&#039;expertises m\u00e9dicales\" \/>\n<meta property=\"article:published_time\" content=\"2021-07-22T13:39:00+00:00\" \/>\n<meta property=\"article:modified_time\" content=\"2025-12-12T09:26:26+00:00\" \/>\n<meta property=\"og:image\" content=\"https:\/\/medecinelegale.com\/wp-content\/uploads\/2021\/09\/conf-scaled-e1630937658434.jpeg\" \/>\n\t<meta property=\"og:image:width\" content=\"1215\" \/>\n\t<meta property=\"og:image:height\" content=\"702\" \/>\n\t<meta property=\"og:image:type\" content=\"image\/jpeg\" \/>\n<meta name=\"author\" content=\"SFMLEM\" \/>\n<meta name=\"twitter:card\" content=\"summary_large_image\" \/>\n<meta name=\"twitter:creator\" content=\"@sfmlem\" \/>\n<meta name=\"twitter:site\" content=\"@sfmlem\" \/>\n<meta name=\"twitter:label1\" content=\"\u00c9crit par\" \/>\n\t<meta name=\"twitter:data1\" content=\"SFMLEM\" \/>\n\t<meta name=\"twitter:label2\" content=\"Dur\u00e9e de lecture estim\u00e9e\" \/>\n\t<meta name=\"twitter:data2\" content=\"1 minute\" \/>\n<script type=\"application\/ld+json\" class=\"yoast-schema-graph\">{\"@context\":\"https:\\\/\\\/schema.org\",\"@graph\":[{\"@type\":\"Article\",\"@id\":\"https:\\\/\\\/medecinelegale.com\\\/index.php\\\/2021\\\/07\\\/22\\\/52eme-congres-international\\\/#article\",\"isPartOf\":{\"@id\":\"https:\\\/\\\/medecinelegale.com\\\/index.php\\\/2021\\\/07\\\/22\\\/52eme-congres-international\\\/\"},\"author\":{\"name\":\"SFMLEM\",\"@id\":\"http:\\\/\\\/medecinelegale.com\\\/#\\\/schema\\\/person\\\/fd6d6e9bd054806a12c9a69665b2a328\"},\"headline\":\"22 au 24 septembre 2021 52e congr\u00e8s international\",\"datePublished\":\"2021-07-22T13:39:00+00:00\",\"dateModified\":\"2025-12-12T09:26:26+00:00\",\"mainEntityOfPage\":{\"@id\":\"https:\\\/\\\/medecinelegale.com\\\/index.php\\\/2021\\\/07\\\/22\\\/52eme-congres-international\\\/\"},\"wordCount\":180,\"publisher\":{\"@id\":\"http:\\\/\\\/medecinelegale.com\\\/#organization\"},\"image\":{\"@id\":\"https:\\\/\\\/medecinelegale.com\\\/index.php\\\/2021\\\/07\\\/22\\\/52eme-congres-international\\\/#primaryimage\"},\"thumbnailUrl\":\"https:\\\/\\\/medecinelegale.com\\\/wp-content\\\/uploads\\\/2021\\\/09\\\/conf-scaled-e1630937658434.jpeg\",\"articleSection\":[\"Actualit\u00e9s\"],\"inLanguage\":\"fr-FR\"},{\"@type\":\"WebPage\",\"@id\":\"https:\\\/\\\/medecinelegale.com\\\/index.php\\\/2021\\\/07\\\/22\\\/52eme-congres-international\\\/\",\"url\":\"https:\\\/\\\/medecinelegale.com\\\/index.php\\\/2021\\\/07\\\/22\\\/52eme-congres-international\\\/\",\"name\":\"22 au 24 septembre 2021 52e congr\u00e8s international &#8211; Soci\u00e9t\u00e9 fran\u00e7aise de m\u00e9decine l\u00e9gale et d&#039;expertises m\u00e9dicales\",\"isPartOf\":{\"@id\":\"http:\\\/\\\/medecinelegale.com\\\/#website\"},\"primaryImageOfPage\":{\"@id\":\"https:\\\/\\\/medecinelegale.com\\\/index.php\\\/2021\\\/07\\\/22\\\/52eme-congres-international\\\/#primaryimage\"},\"image\":{\"@id\":\"https:\\\/\\\/medecinelegale.com\\\/index.php\\\/2021\\\/07\\\/22\\\/52eme-congres-international\\\/#primaryimage\"},\"thumbnailUrl\":\"https:\\\/\\\/medecinelegale.com\\\/wp-content\\\/uploads\\\/2021\\\/09\\\/conf-scaled-e1630937658434.jpeg\",\"datePublished\":\"2021-07-22T13:39:00+00:00\",\"dateModified\":\"2025-12-12T09:26:26+00:00\",\"description\":\"Actualit\u00e9 de la Soci\u00e9t\u00e9 fran\u00e7aise de m\u00e9decine l\u00e9gale et d'expertises m\u00e9dicales\",\"breadcrumb\":{\"@id\":\"https:\\\/\\\/medecinelegale.com\\\/index.php\\\/2021\\\/07\\\/22\\\/52eme-congres-international\\\/#breadcrumb\"},\"inLanguage\":\"fr-FR\",\"potentialAction\":[{\"@type\":\"ReadAction\",\"target\":[\"https:\\\/\\\/medecinelegale.com\\\/index.php\\\/2021\\\/07\\\/22\\\/52eme-congres-international\\\/\"]}]},{\"@type\":\"ImageObject\",\"inLanguage\":\"fr-FR\",\"@id\":\"https:\\\/\\\/medecinelegale.com\\\/index.php\\\/2021\\\/07\\\/22\\\/52eme-congres-international\\\/#primaryimage\",\"url\":\"https:\\\/\\\/medecinelegale.com\\\/wp-content\\\/uploads\\\/2021\\\/09\\\/conf-scaled-e1630937658434.jpeg\",\"contentUrl\":\"https:\\\/\\\/medecinelegale.com\\\/wp-content\\\/uploads\\\/2021\\\/09\\\/conf-scaled-e1630937658434.jpeg\",\"width\":1215,\"height\":702},{\"@type\":\"BreadcrumbList\",\"@id\":\"https:\\\/\\\/medecinelegale.com\\\/index.php\\\/2021\\\/07\\\/22\\\/52eme-congres-international\\\/#breadcrumb\",\"itemListElement\":[{\"@type\":\"ListItem\",\"position\":1,\"name\":\"Accueil\",\"item\":\"http:\\\/\\\/medecinelegale.com\\\/\"},{\"@type\":\"ListItem\",\"position\":2,\"name\":\"22 au 24 septembre 2021 52e congr\u00e8s international\"}]},{\"@type\":\"WebSite\",\"@id\":\"http:\\\/\\\/medecinelegale.com\\\/#website\",\"url\":\"http:\\\/\\\/medecinelegale.com\\\/\",\"name\":\"Soci\u00e9t\u00e9 fran\u00e7aise de m\u00e9decine l\u00e9gale et d&#039;expertises m\u00e9dicales\",\"description\":\"F\u00e9d\u00e9rer l\u2019ensemble des professionnels de la m\u00e9decine l\u00e9gale\",\"publisher\":{\"@id\":\"http:\\\/\\\/medecinelegale.com\\\/#organization\"},\"potentialAction\":[{\"@type\":\"SearchAction\",\"target\":{\"@type\":\"EntryPoint\",\"urlTemplate\":\"http:\\\/\\\/medecinelegale.com\\\/?s={search_term_string}\"},\"query-input\":{\"@type\":\"PropertyValueSpecification\",\"valueRequired\":true,\"valueName\":\"search_term_string\"}}],\"inLanguage\":\"fr-FR\"},{\"@type\":\"Organization\",\"@id\":\"http:\\\/\\\/medecinelegale.com\\\/#organization\",\"name\":\"Soci\u00e9t\u00e9 Fran\u00e7aise de M\u00e9decine L\u00e9gale et d\u2019expertises m\u00e9dicales\",\"url\":\"http:\\\/\\\/medecinelegale.com\\\/\",\"logo\":{\"@type\":\"ImageObject\",\"inLanguage\":\"fr-FR\",\"@id\":\"http:\\\/\\\/medecinelegale.com\\\/#\\\/schema\\\/logo\\\/image\\\/\",\"url\":\"https:\\\/\\\/medecinelegale.com\\\/wp-content\\\/uploads\\\/2021\\\/09\\\/logo_SFML_s.png\",\"contentUrl\":\"https:\\\/\\\/medecinelegale.com\\\/wp-content\\\/uploads\\\/2021\\\/09\\\/logo_SFML_s.png\",\"width\":400,\"height\":165,\"caption\":\"Soci\u00e9t\u00e9 Fran\u00e7aise de M\u00e9decine L\u00e9gale et d\u2019expertises m\u00e9dicales\"},\"image\":{\"@id\":\"http:\\\/\\\/medecinelegale.com\\\/#\\\/schema\\\/logo\\\/image\\\/\"},\"sameAs\":[\"https:\\\/\\\/x.com\\\/sfmlem\",\"https:\\\/\\\/www.linkedin.com\\\/company\\\/soci\u00e9t\u00e9-fran\u00e7aise-de-m\u00e9decine-l\u00e9gale-et-d-expertises-m\u00e9dicales\\\/\"]},{\"@type\":\"Person\",\"@id\":\"http:\\\/\\\/medecinelegale.com\\\/#\\\/schema\\\/person\\\/fd6d6e9bd054806a12c9a69665b2a328\",\"name\":\"SFMLEM\",\"image\":{\"@type\":\"ImageObject\",\"inLanguage\":\"fr-FR\",\"@id\":\"https:\\\/\\\/secure.gravatar.com\\\/avatar\\\/96a756a8024fd6d62d415ab80661263fc17b0f00a89a414abdc3f0526011ab09?s=96&d=mm&r=g\",\"url\":\"https:\\\/\\\/secure.gravatar.com\\\/avatar\\\/96a756a8024fd6d62d415ab80661263fc17b0f00a89a414abdc3f0526011ab09?s=96&d=mm&r=g\",\"contentUrl\":\"https:\\\/\\\/secure.gravatar.com\\\/avatar\\\/96a756a8024fd6d62d415ab80661263fc17b0f00a89a414abdc3f0526011ab09?s=96&d=mm&r=g\",\"caption\":\"SFMLEM\"},\"url\":\"https:\\\/\\\/medecinelegale.com\\\/index.php\\\/author\\\/sfmlem\\\/\"}]}<\/script>\n<!-- \/ Yoast SEO plugin. -->","yoast_head_json":{"title":"22 au 24 septembre 2021 52e congr\u00e8s international &#8211; Soci\u00e9t\u00e9 fran\u00e7aise de m\u00e9decine l\u00e9gale et d&#039;expertises m\u00e9dicales","description":"Actualit\u00e9 de la Soci\u00e9t\u00e9 fran\u00e7aise de m\u00e9decine l\u00e9gale et d'expertises m\u00e9dicales","robots":{"index":"index","follow":"follow","max-snippet":"max-snippet:-1","max-image-preview":"max-image-preview:large","max-video-preview":"max-video-preview:-1"},"canonical":"https:\/\/medecinelegale.com\/index.php\/2021\/07\/22\/52eme-congres-international\/","og_locale":"fr_FR","og_type":"article","og_title":"22 au 24 septembre 2021 52e congr\u00e8s international &#8211; Soci\u00e9t\u00e9 fran\u00e7aise de m\u00e9decine l\u00e9gale et d&#039;expertises m\u00e9dicales","og_description":"Actualit\u00e9 de la Soci\u00e9t\u00e9 fran\u00e7aise de m\u00e9decine l\u00e9gale et d'expertises m\u00e9dicales","og_url":"https:\/\/medecinelegale.com\/index.php\/2021\/07\/22\/52eme-congres-international\/","og_site_name":"Soci\u00e9t\u00e9 fran\u00e7aise de m\u00e9decine l\u00e9gale et d&#039;expertises m\u00e9dicales","article_published_time":"2021-07-22T13:39:00+00:00","article_modified_time":"2025-12-12T09:26:26+00:00","og_image":[{"width":1215,"height":702,"url":"https:\/\/medecinelegale.com\/wp-content\/uploads\/2021\/09\/conf-scaled-e1630937658434.jpeg","type":"image\/jpeg"}],"author":"SFMLEM","twitter_card":"summary_large_image","twitter_creator":"@sfmlem","twitter_site":"@sfmlem","twitter_misc":{"\u00c9crit par":"SFMLEM","Dur\u00e9e de lecture estim\u00e9e":"1 minute"},"schema":{"@context":"https:\/\/schema.org","@graph":[{"@type":"Article","@id":"https:\/\/medecinelegale.com\/index.php\/2021\/07\/22\/52eme-congres-international\/#article","isPartOf":{"@id":"https:\/\/medecinelegale.com\/index.php\/2021\/07\/22\/52eme-congres-international\/"},"author":{"name":"SFMLEM","@id":"http:\/\/medecinelegale.com\/#\/schema\/person\/fd6d6e9bd054806a12c9a69665b2a328"},"headline":"22 au 24 septembre 2021 52e congr\u00e8s international","datePublished":"2021-07-22T13:39:00+00:00","dateModified":"2025-12-12T09:26:26+00:00","mainEntityOfPage":{"@id":"https:\/\/medecinelegale.com\/index.php\/2021\/07\/22\/52eme-congres-international\/"},"wordCount":180,"publisher":{"@id":"http:\/\/medecinelegale.com\/#organization"},"image":{"@id":"https:\/\/medecinelegale.com\/index.php\/2021\/07\/22\/52eme-congres-international\/#primaryimage"},"thumbnailUrl":"https:\/\/medecinelegale.com\/wp-content\/uploads\/2021\/09\/conf-scaled-e1630937658434.jpeg","articleSection":["Actualit\u00e9s"],"inLanguage":"fr-FR"},{"@type":"WebPage","@id":"https:\/\/medecinelegale.com\/index.php\/2021\/07\/22\/52eme-congres-international\/","url":"https:\/\/medecinelegale.com\/index.php\/2021\/07\/22\/52eme-congres-international\/","name":"22 au 24 septembre 2021 52e congr\u00e8s international &#8211; Soci\u00e9t\u00e9 fran\u00e7aise de m\u00e9decine l\u00e9gale et d&#039;expertises m\u00e9dicales","isPartOf":{"@id":"http:\/\/medecinelegale.com\/#website"},"primaryImageOfPage":{"@id":"https:\/\/medecinelegale.com\/index.php\/2021\/07\/22\/52eme-congres-international\/#primaryimage"},"image":{"@id":"https:\/\/medecinelegale.com\/index.php\/2021\/07\/22\/52eme-congres-international\/#primaryimage"},"thumbnailUrl":"https:\/\/medecinelegale.com\/wp-content\/uploads\/2021\/09\/conf-scaled-e1630937658434.jpeg","datePublished":"2021-07-22T13:39:00+00:00","dateModified":"2025-12-12T09:26:26+00:00","description":"Actualit\u00e9 de la Soci\u00e9t\u00e9 fran\u00e7aise de m\u00e9decine l\u00e9gale et d'expertises m\u00e9dicales","breadcrumb":{"@id":"https:\/\/medecinelegale.com\/index.php\/2021\/07\/22\/52eme-congres-international\/#breadcrumb"},"inLanguage":"fr-FR","potentialAction":[{"@type":"ReadAction","target":["https:\/\/medecinelegale.com\/index.php\/2021\/07\/22\/52eme-congres-international\/"]}]},{"@type":"ImageObject","inLanguage":"fr-FR","@id":"https:\/\/medecinelegale.com\/index.php\/2021\/07\/22\/52eme-congres-international\/#primaryimage","url":"https:\/\/medecinelegale.com\/wp-content\/uploads\/2021\/09\/conf-scaled-e1630937658434.jpeg","contentUrl":"https:\/\/medecinelegale.com\/wp-content\/uploads\/2021\/09\/conf-scaled-e1630937658434.jpeg","width":1215,"height":702},{"@type":"BreadcrumbList","@id":"https:\/\/medecinelegale.com\/index.php\/2021\/07\/22\/52eme-congres-international\/#breadcrumb","itemListElement":[{"@type":"ListItem","position":1,"name":"Accueil","item":"http:\/\/medecinelegale.com\/"},{"@type":"ListItem","position":2,"name":"22 au 24 septembre 2021 52e congr\u00e8s international"}]},{"@type":"WebSite","@id":"http:\/\/medecinelegale.com\/#website","url":"http:\/\/medecinelegale.com\/","name":"Soci\u00e9t\u00e9 fran\u00e7aise de m\u00e9decine l\u00e9gale et d&#039;expertises m\u00e9dicales","description":"F\u00e9d\u00e9rer l\u2019ensemble des professionnels de la m\u00e9decine l\u00e9gale","publisher":{"@id":"http:\/\/medecinelegale.com\/#organization"},"potentialAction":[{"@type":"SearchAction","target":{"@type":"EntryPoint","urlTemplate":"http:\/\/medecinelegale.com\/?s={search_term_string}"},"query-input":{"@type":"PropertyValueSpecification","valueRequired":true,"valueName":"search_term_string"}}],"inLanguage":"fr-FR"},{"@type":"Organization","@id":"http:\/\/medecinelegale.com\/#organization","name":"Soci\u00e9t\u00e9 Fran\u00e7aise de M\u00e9decine L\u00e9gale et d\u2019expertises m\u00e9dicales","url":"http:\/\/medecinelegale.com\/","logo":{"@type":"ImageObject","inLanguage":"fr-FR","@id":"http:\/\/medecinelegale.com\/#\/schema\/logo\/image\/","url":"https:\/\/medecinelegale.com\/wp-content\/uploads\/2021\/09\/logo_SFML_s.png","contentUrl":"https:\/\/medecinelegale.com\/wp-content\/uploads\/2021\/09\/logo_SFML_s.png","width":400,"height":165,"caption":"Soci\u00e9t\u00e9 Fran\u00e7aise de M\u00e9decine L\u00e9gale et d\u2019expertises m\u00e9dicales"},"image":{"@id":"http:\/\/medecinelegale.com\/#\/schema\/logo\/image\/"},"sameAs":["https:\/\/x.com\/sfmlem","https:\/\/www.linkedin.com\/company\/soci\u00e9t\u00e9-fran\u00e7aise-de-m\u00e9decine-l\u00e9gale-et-d-expertises-m\u00e9dicales\/"]},{"@type":"Person","@id":"http:\/\/medecinelegale.com\/#\/schema\/person\/fd6d6e9bd054806a12c9a69665b2a328","name":"SFMLEM","image":{"@type":"ImageObject","inLanguage":"fr-FR","@id":"https:\/\/secure.gravatar.com\/avatar\/96a756a8024fd6d62d415ab80661263fc17b0f00a89a414abdc3f0526011ab09?s=96&d=mm&r=g","url":"https:\/\/secure.gravatar.com\/avatar\/96a756a8024fd6d62d415ab80661263fc17b0f00a89a414abdc3f0526011ab09?s=96&d=mm&r=g","contentUrl":"https:\/\/secure.gravatar.com\/avatar\/96a756a8024fd6d62d415ab80661263fc17b0f00a89a414abdc3f0526011ab09?s=96&d=mm&r=g","caption":"SFMLEM"},"url":"https:\/\/medecinelegale.com\/index.php\/author\/sfmlem\/"}]}},"_links":{"self":[{"href":"https:\/\/medecinelegale.com\/index.php\/wp-json\/wp\/v2\/posts\/2398","targetHints":{"allow":["GET"]}}],"collection":[{"href":"https:\/\/medecinelegale.com\/index.php\/wp-json\/wp\/v2\/posts"}],"about":[{"href":"https:\/\/medecinelegale.com\/index.php\/wp-json\/wp\/v2\/types\/post"}],"author":[{"embeddable":true,"href":"https:\/\/medecinelegale.com\/index.php\/wp-json\/wp\/v2\/users\/668"}],"replies":[{"embeddable":true,"href":"https:\/\/medecinelegale.com\/index.php\/wp-json\/wp\/v2\/comments?post=2398"}],"version-history":[{"count":5,"href":"https:\/\/medecinelegale.com\/index.php\/wp-json\/wp\/v2\/posts\/2398\/revisions"}],"predecessor-version":[{"id":2574,"href":"https:\/\/medecinelegale.com\/index.php\/wp-json\/wp\/v2\/posts\/2398\/revisions\/2574"}],"wp:featuredmedia":[{"embeddable":true,"href":"https:\/\/medecinelegale.com\/index.php\/wp-json\/wp\/v2\/media\/2403"}],"wp:attachment":[{"href":"https:\/\/medecinelegale.com\/index.php\/wp-json\/wp\/v2\/media?parent=2398"}],"wp:term":[{"taxonomy":"category","embeddable":true,"href":"https:\/\/medecinelegale.com\/index.php\/wp-json\/wp\/v2\/categories?post=2398"},{"taxonomy":"post_tag","embeddable":true,"href":"https:\/\/medecinelegale.com\/index.php\/wp-json\/wp\/v2\/tags?post=2398"}],"curies":[{"name":"wp","href":"https:\/\/api.w.org\/{rel}","templated":true}]}}